{"id":17518,"date":"2018-09-27T16:54:23","date_gmt":"2018-09-27T14:54:23","guid":{"rendered":"http:\/\/www.gruppopdregionetoscana.it\/web\/?p=17518"},"modified":"2018-09-27T16:54:23","modified_gmt":"2018-09-27T14:54:23","slug":"vaccinazioni-scaramelli-bene-i-percorsi-piu-veloci-per-chi-non-in-regola-ma-la-legge-ce-e-va-rispettata","status":"publish","type":"post","link":"https:\/\/www.gruppopdregionetoscana.it\/web\/vaccinazioni-scaramelli-bene-i-percorsi-piu-veloci-per-chi-non-in-regola-ma-la-legge-ce-e-va-rispettata\/","title":{"rendered":"Vaccinazioni, Scaramelli: \u201cBene i percorsi pi\u00f9 veloci per chi non in regola,  ma la legge c\u2019\u00e8 e va rispettata&#8221;"},"content":{"rendered":"<p>\u201cLa Toscana fa un ulteriore passo in avanti. La legge sui vaccini c\u2019\u00e8 e va rispettata\u201d. Cos\u00ec <strong>il presidente della commissione Sanit\u00e0 Stefano Scaramelli (Pd)<\/strong> commenta le linee di indirizzo per il recupero dei minori in regola e che prevedono percorsi accelerati per andare incontro alle famiglie di bambini non ancora in regola con le vaccinazioni.\u00a0\u00a0 \u201cNessun teatrino sulla pelle dei pi\u00f9 piccoli: basta soffiare sulle paure delle persone e assistere alla sequela di annunci e continue retromarce che arrivano dal Governo. Bene, quindi, dare un\u2019ultima opportunit\u00e0 da parte della Regione Toscana, affinch\u00e9 tutti i bambini vengano vaccinati e non siano vittime delle paure dei propri genitori. I vaccini quando sono obbligatori vanno fatti. Tra i primi insegnamenti da dare ai nostri figli- <strong>prosegue Scaramelli<\/strong>&#8211;\u00a0 c\u2019\u00e8 quello di rispettare le leggi. La creazione di percorsi accelerati per andare incontro alle famiglie di bambini non ancora in regola con le vaccinazioni \u00e8 un ulteriore passo in avanti che la Regione fa per andare incontro a chiunque. La Toscana \u00e8 tra le pochissime realt\u00e0 in Italia ad aver istituito l&#8217;anagrafe vaccinale regionale informatizzata nell&#8217;ambito del Sistema informativo della prevenzione collettiva. Dopo esserci dotati di uno strumento utile per conoscere la situazione vaccinale dei bambini, e i casi specifici di ognuno, adesso arriva ancora uno scatto in avanti importante che va a semplificare e aumentare l\u2019efficienza delle procedure in materia vaccinale. Un segnale chiaro che dimostra ancora una volta come sia nostra volont\u00e0 non lasciare indietro nessuno, ma la legge c\u2019\u00e8 e va rispettata\u201d. <strong>Scaramelli precisa <\/strong>poi che \u201c Su tutto il territorio regionale, nel rispetto delle normative vigenti, le aziende sanitarie avranno indicazioni utili per gestire in maniera uniforme la verifica e il percorso di recupero dei bambini che ancora non hanno fatto le vaccinazioni obbligatorie, in particolare per quanto riguarda asili nido e scuole dell&#8217;infanzia\u201d.<\/p>\n<p>&nbsp;<\/p>\n<p>&nbsp;<\/p>\n","protected":false},"excerpt":{"rendered":"<p>\u201cLa Toscana fa un ulteriore passo in avanti. La legge sui vaccini c\u2019\u00e8 e va rispettata\u201d. Cos\u00ec il presidente della commissione Sanit\u00e0 Stefano Scaramelli (Pd) commenta le linee di indirizzo per il recupero dei minori in regola e che prevedono percorsi accelerati per andare incontro alle famiglie di bambini non ancora in regola con le [&hellip;]<\/p>\n","protected":false},"author":1,"featured_media":17429,"comment_status":"closed","ping_status":"closed","sticky":false,"template":"","format":"standard","meta":{"_jetpack_memberships_contains_paid_content":false,"footnotes":""},"categories":[30,971],"tags":[101,1689],"class_list":{"0":"post-17518","1":"post","2":"type-post","3":"status-publish","4":"format-standard","5":"has-post-thumbnail","7":"category-comunicati-stampa","8":"category-stefano-scaramelli","9":"tag-sanita","10":"tag-vaccini","11":"czr-hentry"},"jetpack_featured_media_url":"https:\/\/www.gruppopdregionetoscana.it\/web\/wp-content\/uploads\/2018\/08\/scaramelli11.jpg","jetpack_sharing_enabled":true,"_links":{"self":[{"href":"https:\/\/www.gruppopdregionetoscana.it\/web\/wp-json\/wp\/v2\/posts\/17518","targetHints":{"allow":["GET"]}}],"collection":[{"href":"https:\/\/www.gruppopdregionetoscana.it\/web\/wp-json\/wp\/v2\/posts"}],"about":[{"href":"https:\/\/www.gruppopdregionetoscana.it\/web\/wp-json\/wp\/v2\/types\/post"}],"author":[{"embeddable":true,"href":"https:\/\/www.gruppopdregionetoscana.it\/web\/wp-json\/wp\/v2\/users\/1"}],"replies":[{"embeddable":true,"href":"https:\/\/www.gruppopdregionetoscana.it\/web\/wp-json\/wp\/v2\/comments?post=17518"}],"version-history":[{"count":0,"href":"https:\/\/www.gruppopdregionetoscana.it\/web\/wp-json\/wp\/v2\/posts\/17518\/revisions"}],"wp:featuredmedia":[{"embeddable":true,"href":"https:\/\/www.gruppopdregionetoscana.it\/web\/wp-json\/wp\/v2\/media\/17429"}],"wp:attachment":[{"href":"https:\/\/www.gruppopdregionetoscana.it\/web\/wp-json\/wp\/v2\/media?parent=17518"}],"wp:term":[{"taxonomy":"category","embeddable":true,"href":"https:\/\/www.gruppopdregionetoscana.it\/web\/wp-json\/wp\/v2\/categories?post=17518"},{"taxonomy":"post_tag","embeddable":true,"href":"https:\/\/www.gruppopdregionetoscana.it\/web\/wp-json\/wp\/v2\/tags?post=17518"}],"curies":[{"name":"wp","href":"https:\/\/api.w.org\/{rel}","templated":true}]}}