{"id":17526,"date":"2018-10-02T15:10:36","date_gmt":"2018-10-02T13:10:36","guid":{"rendered":"http:\/\/www.gruppopdregionetoscana.it\/web\/?p=17526"},"modified":"2018-10-02T15:10:36","modified_gmt":"2018-10-02T13:10:36","slug":"autoscuole-ritardi-esami-pieroni-pd-risolvere-le-carenze-di-personale-per-tutelare-lutenza","status":"publish","type":"post","link":"https:\/\/www.gruppopdregionetoscana.it\/web\/autoscuole-ritardi-esami-pieroni-pd-risolvere-le-carenze-di-personale-per-tutelare-lutenza\/","title":{"rendered":"Autoscuole, ritardi esami. Pieroni (PD): \u201cRisolvere le carenze di personale per tutelare l\u2019utenza\u201d"},"content":{"rendered":"<p><img loading=\"lazy\" decoding=\"async\" class=\"alignleft size-medium wp-image-13415\" src=\"http:\/\/www.gruppopdregionetoscana.it\/web\/wp-content\/uploads\/2016\/07\/Andrea5-200x300.jpg\" alt=\"\" width=\"200\" height=\"300\" srcset=\"https:\/\/www.gruppopdregionetoscana.it\/web\/wp-content\/uploads\/2016\/07\/Andrea5-200x300.jpg 200w, https:\/\/www.gruppopdregionetoscana.it\/web\/wp-content\/uploads\/2016\/07\/Andrea5-683x1024.jpg 683w, https:\/\/www.gruppopdregionetoscana.it\/web\/wp-content\/uploads\/2016\/07\/Andrea5.jpg 1000w\" sizes=\"auto, (max-width: 200px) 100vw, 200px\" \/>\u201cI disagi legati allo svolgimento degli esami si registrano ormai regolarmente anche in Toscana con danni, non solo economici, per gli utenti e le autoscuole \u2013 spiega <strong>Andrea Pieroni<\/strong>, illustrando la mozione di cui \u00e8 primo firmatario \u2013. La scarsit\u00e0 di esaminatori \u00e8 una criticit\u00e0 segnalata da anni e da pi\u00f9 voci, che in parte si \u00e8 risolta con l\u2019iniziativa ministeriale che prevedeva la possibilit\u00e0 per il personale non abilitato ma in possesso di determinate qualifiche di svolgere prove teoriche. Da qualche mese questo accordo \u00e8 stato messo in discussione provocando un nuovo caos nella gestione dei calendari delle prove d\u2019esame e a farci le spese sono gli utenti; l\u2019area pisana \u00e8 tra quelle maggiormente penalizzate da questo problema\u201d.<\/p>\n<p>Secondo il consigliere, nonostante le riorganizzazioni che si sono delineate nel tempo (tra cui quella che ha visto l\u2019accorpamento degli uffici di Lucca, Pisa, Livorno e Massa Carrara) abbiano portato ad una razionalizzazione dei servizi e della spesa, \u201cnegli ultimi mesi si registrano su tutto il territorio nazionale, e quindi anche nelle nostre zone, numerosi problemi concernenti l\u2019espletamento dei servizi richiesti dagli utenti\u201d.<\/p>\n<p>L\u2019accordo tra categorie e Motorizzazione ha consentito di eseguire una percentuale elevata degli esami pratici in attesa, ma \u00e8 stato rimesso in discussione dalla Direzione territoriale di Roma provocando quindi una notevole restrizione del numero delle sedute di esame.<\/p>\n<p>\u201cA pagarne le spese sono, come dicevo, gli utenti per lo pi\u00f9 giovanissimi che affrontano il percorso per prendere la patente come una strada verso l\u2019autonomia e la maturit\u00e0 \u2013 prosegue Pieroni \u2013, a maggior ragione, quindi, dobbiamo farci portavoce di questi disagi ed intervenire per quanto di competenza regionale per risolverli e tutelare i cittadini che usufruiscono dei servizi delle autoscuole\u201d.<\/p>\n<p>In particolare, Pieroni nell\u2019atto impegna la giunta regionale ad attivarsi con il Ministero competente, quello delle Infrastrutture e dei trasporti, affinch\u00e9 vengano adottate misure per superare i disagi, in termini non solo economici, causati all\u2019utenza, oltrech\u00e9 alle autoscuole, che si riscontrano nel corso delle procedure d\u2019esame per il conseguimento delle patenti di guida a causa di una disponibilit\u00e0 di esaminatori notevolmente inferiori rispetto alle necessit\u00e0 derivanti dalle richieste provenienti dalla medesima utenza.<\/p>\n","protected":false},"excerpt":{"rendered":"<p>\u201cI disagi legati allo svolgimento degli esami si registrano ormai regolarmente anche in Toscana con danni, non solo economici, per gli utenti e le autoscuole \u2013 spiega Andrea Pieroni, illustrando la mozione di cui \u00e8 primo firmatario \u2013. La scarsit\u00e0 di esaminatori \u00e8 una criticit\u00e0 segnalata da anni e da pi\u00f9 voci, che in parte [&hellip;]<\/p>\n","protected":false},"author":1,"featured_media":17527,"comment_status":"closed","ping_status":"closed","sticky":false,"template":"","format":"standard","meta":{"_jetpack_memberships_contains_paid_content":false,"footnotes":""},"categories":[970,30],"tags":[],"class_list":{"0":"post-17526","1":"post","2":"type-post","3":"status-publish","4":"format-standard","5":"has-post-thumbnail","7":"category-andrea-pieroni","8":"category-comunicati-stampa","9":"czr-hentry"},"jetpack_featured_media_url":"https:\/\/www.gruppopdregionetoscana.it\/web\/wp-content\/uploads\/2018\/10\/esame-pratico-privatista-patente-b-cosa-cambia.jpg","jetpack_sharing_enabled":true,"_links":{"self":[{"href":"https:\/\/www.gruppopdregionetoscana.it\/web\/wp-json\/wp\/v2\/posts\/17526","targetHints":{"allow":["GET"]}}],"collection":[{"href":"https:\/\/www.gruppopdregionetoscana.it\/web\/wp-json\/wp\/v2\/posts"}],"about":[{"href":"https:\/\/www.gruppopdregionetoscana.it\/web\/wp-json\/wp\/v2\/types\/post"}],"author":[{"embeddable":true,"href":"https:\/\/www.gruppopdregionetoscana.it\/web\/wp-json\/wp\/v2\/users\/1"}],"replies":[{"embeddable":true,"href":"https:\/\/www.gruppopdregionetoscana.it\/web\/wp-json\/wp\/v2\/comments?post=17526"}],"version-history":[{"count":0,"href":"https:\/\/www.gruppopdregionetoscana.it\/web\/wp-json\/wp\/v2\/posts\/17526\/revisions"}],"wp:featuredmedia":[{"embeddable":true,"href":"https:\/\/www.gruppopdregionetoscana.it\/web\/wp-json\/wp\/v2\/media\/17527"}],"wp:attachment":[{"href":"https:\/\/www.gruppopdregionetoscana.it\/web\/wp-json\/wp\/v2\/media?parent=17526"}],"wp:term":[{"taxonomy":"category","embeddable":true,"href":"https:\/\/www.gruppopdregionetoscana.it\/web\/wp-json\/wp\/v2\/categories?post=17526"},{"taxonomy":"post_tag","embeddable":true,"href":"https:\/\/www.gruppopdregionetoscana.it\/web\/wp-json\/wp\/v2\/tags?post=17526"}],"curies":[{"name":"wp","href":"https:\/\/api.w.org\/{rel}","templated":true}]}}