{"id":17534,"date":"2018-10-03T14:34:58","date_gmt":"2018-10-03T12:34:58","guid":{"rendered":"http:\/\/www.gruppopdregionetoscana.it\/web\/?p=17534"},"modified":"2018-10-03T16:52:13","modified_gmt":"2018-10-03T14:52:13","slug":"borgo-a-buggiano-recupero-villa-bellavista-verso-un-tavolo-di-confronto-promosso-dalla-regione","status":"publish","type":"post","link":"https:\/\/www.gruppopdregionetoscana.it\/web\/borgo-a-buggiano-recupero-villa-bellavista-verso-un-tavolo-di-confronto-promosso-dalla-regione\/","title":{"rendered":"Borgo a Buggiano, Recupero Villa Bellavista: verso un tavolo di confronto promosso dalla Regione"},"content":{"rendered":"<h2>L\u2019assessore regionale alla cultura Monica Barni ha spiegato come verr\u00e0 attuata la mozione approvata in commissione, proposta da Massimo Baldi e Marco Niccolai<\/h2>\n<p><img loading=\"lazy\" decoding=\"async\" class=\"alignleft size-medium wp-image-12266\" src=\"http:\/\/www.gruppopdregionetoscana.it\/web\/wp-content\/uploads\/2016\/02\/baldi-niccolai-669x272-300x122.jpg\" alt=\"\" width=\"300\" height=\"122\" srcset=\"https:\/\/www.gruppopdregionetoscana.it\/web\/wp-content\/uploads\/2016\/02\/baldi-niccolai-669x272-300x122.jpg 300w, https:\/\/www.gruppopdregionetoscana.it\/web\/wp-content\/uploads\/2016\/02\/baldi-niccolai-669x272.jpg 669w\" sizes=\"auto, (max-width: 300px) 100vw, 300px\" \/>\u201cLa situazione conservativa di Villa Bellavista di Borgo a Buggiano \u00e8 all\u2019attenzione della giunta regionale. Il settore Patrimonio culturale sta verificando la possibilit\u00e0 di costituire un tavolo di confronto in merito alla situazione della Villa e del Museo da essa ospitato. Sono stati presi contatti con il Comune di Buggiano e con la direttrice dei Musei civici di Pistoia, referente del Sistema museale pistoiese, che potrebbe essere coinvolto per la realizzazione di interventi ed iniziative volte soprattutto alla valorizzazione del museo\u201d.<\/p>\n<p>Lo scrive <strong>Monica Barni<\/strong>, assessore regionale alla cultura, in una nota relativa all\u2019attuazione della mozione per il recupero di Villa Bellavista di Borgo a Buggiano, approvata qualche settimana fa in commissione su proposta dei consiglieri regionali del Pd <strong>Massimo Baldi<\/strong> e <strong>Marco Niccolai<\/strong>.<\/p>\n<p>\u00abE\u2019 un fatto molto positivo che anche la giunta toscana, come avevamo auspicato, prenda a cuore la vicenda del recupero di Villa Bellavista \u2013 commentano Baldi e Niccolai \u2013 Come si ricorder\u00e0, la Villa \u00e8 un capolavoro del barocco toscano, certamente una delle pi\u00f9 belle dimore della nostra regione. Di propriet\u00e0 del ministero dell\u2019Opera Nazionale di Assistenza per i figli dei Vigili del Fuoco (ONA), Villa di Bellavista versa da anni in uno stato di degrado architettonico, anche se non si pu\u00f2 che ringraziare chi si adopera, pur tra mille difficolt\u00e0, per custodire nel miglior modo possibile la villa. Purtroppo l\u2019ONA, che \u00e8 una Fondazione di diritto privato, pur dotata di una strategia di valorizzazione del proprio patrimonio immobiliare, non ha potuto mettere a punto un progetto specifico di valorizzazione per la villa di Borgo a Buggiano.<\/p>\n<p>Ora \u2013 precisano Niccolai e Baldi \u2013 l\u2019assessore Barni ci fa sapere anche che la Regione ha contattato il referente dell\u2019ONA per essere aggiornata sullo stato degli interventi di recupero e manutenzione dell\u2019edificio, interventi che \u201cseppur lentamente, stanno procedendo\u201d. In particolare, il referente dell\u2019ONA riferisce che sono stati terminati i lavori nella Fattoria, che ora in attesa del collaudo finale, e si \u00e8 reso disponibile all\u2019attivazione di un tavolo di confronto con tutti i soggetti interessati. Soggetti \u2013 concludono i due consiglieri regionali \u2013 che, come avevamo indicato nella nostra mozione, dovranno comprendere l\u2019amministrazione comunale di Buggiano, che pi\u00f9 volte \u00e8 intervenuta per sollecitare una soluzione\u00bb.<\/p>\n","protected":false},"excerpt":{"rendered":"<p>L\u2019assessore regionale alla cultura Monica Barni ha spiegato come verr\u00e0 attuata la mozione approvata in commissione, proposta da Massimo Baldi e Marco Niccolai \u201cLa situazione conservativa di Villa Bellavista di Borgo a Buggiano \u00e8 all\u2019attenzione della giunta regionale. Il settore Patrimonio culturale sta verificando la possibilit\u00e0 di costituire un tavolo di confronto in merito alla [&hellip;]<\/p>\n","protected":false},"author":1,"featured_media":17332,"comment_status":"closed","ping_status":"closed","sticky":false,"template":"","format":"standard","meta":{"_jetpack_memberships_contains_paid_content":false,"footnotes":""},"categories":[30,969,959],"tags":[],"class_list":{"0":"post-17534","1":"post","2":"type-post","3":"status-publish","4":"format-standard","5":"has-post-thumbnail","7":"category-comunicati-stampa","8":"category-marco-niccolai","9":"category-massimo-baldi","10":"czr-hentry"},"jetpack_featured_media_url":"https:\/\/www.gruppopdregionetoscana.it\/web\/wp-content\/uploads\/2018\/07\/villabellavista.jpg","jetpack_sharing_enabled":true,"_links":{"self":[{"href":"https:\/\/www.gruppopdregionetoscana.it\/web\/wp-json\/wp\/v2\/posts\/17534","targetHints":{"allow":["GET"]}}],"collection":[{"href":"https:\/\/www.gruppopdregionetoscana.it\/web\/wp-json\/wp\/v2\/posts"}],"about":[{"href":"https:\/\/www.gruppopdregionetoscana.it\/web\/wp-json\/wp\/v2\/types\/post"}],"author":[{"embeddable":true,"href":"https:\/\/www.gruppopdregionetoscana.it\/web\/wp-json\/wp\/v2\/users\/1"}],"replies":[{"embeddable":true,"href":"https:\/\/www.gruppopdregionetoscana.it\/web\/wp-json\/wp\/v2\/comments?post=17534"}],"version-history":[{"count":0,"href":"https:\/\/www.gruppopdregionetoscana.it\/web\/wp-json\/wp\/v2\/posts\/17534\/revisions"}],"wp:featuredmedia":[{"embeddable":true,"href":"https:\/\/www.gruppopdregionetoscana.it\/web\/wp-json\/wp\/v2\/media\/17332"}],"wp:attachment":[{"href":"https:\/\/www.gruppopdregionetoscana.it\/web\/wp-json\/wp\/v2\/media?parent=17534"}],"wp:term":[{"taxonomy":"category","embeddable":true,"href":"https:\/\/www.gruppopdregionetoscana.it\/web\/wp-json\/wp\/v2\/categories?post=17534"},{"taxonomy":"post_tag","embeddable":true,"href":"https:\/\/www.gruppopdregionetoscana.it\/web\/wp-json\/wp\/v2\/tags?post=17534"}],"curies":[{"name":"wp","href":"https:\/\/api.w.org\/{rel}","templated":true}]}}