{"id":17580,"date":"2018-10-08T14:53:55","date_gmt":"2018-10-08T12:53:55","guid":{"rendered":"http:\/\/www.gruppopdregionetoscana.it\/web\/?p=17580"},"modified":"2018-10-08T14:53:55","modified_gmt":"2018-10-08T12:53:55","slug":"lucca-aggressione-in-carcere-baccelli-pd-solidarieta-a-agente-colpito-situazione-allarmante-presto-visita-al-penitenziario","status":"publish","type":"post","link":"https:\/\/www.gruppopdregionetoscana.it\/web\/lucca-aggressione-in-carcere-baccelli-pd-solidarieta-a-agente-colpito-situazione-allarmante-presto-visita-al-penitenziario\/","title":{"rendered":"Lucca, aggressione in carcere, Baccelli (Pd): \u201cSolidariet\u00e0 a agente colpito, situazione allarmante. Presto visita al penitenziario\u201d"},"content":{"rendered":"<p><strong>\u00a0<\/strong><\/p>\n<p><em><img loading=\"lazy\" decoding=\"async\" class=\"size-full wp-image-7429 alignleft\" src=\"http:\/\/www.gruppopdregionetoscana.it\/web\/wp-content\/uploads\/2014\/01\/carcere-e1389782328344.jpg\" alt=\"\" width=\"280\" height=\"252\" \/>Il consigliere regionale Pd dopo l\u2019episodio di violenza avvenuto ieri al carcere di Lucca e annuncia la volont\u00e0 di recarsi presto presso la struttura<\/em><\/p>\n<p><strong>\u00a0<\/strong><\/p>\n<p>\u201cMassima solidariet\u00e0 all\u2019agente vittima di aggressione ieri all\u2019interno del carcere di Lucca. Nel guardare alla situazione dei nostri penitenziari un aspetto che non dobbiamo mai trascurare \u00e8 che al loro interno vi lavorano persone in condizioni spesso davvero difficili. La questione della sicurezza \u00e8 quindi una priorit\u00e0 assoluta. Non \u00e8 il primo episodio del genere che avviene nel carcere di Lucca e in generale in altre carceri toscane, una situazione che quindi desta allarme e va monitorata. Ho intenzione di visitare la struttura al pi\u00f9 presto, credo che la politica e le istituzioni abbiano il dovere di verificare da vicino come si vive e si lavora all\u2019interno delle nostre carceri\u201d.<\/p>\n<p>Cos\u00ec <strong>Stefano Baccelli<\/strong>, consigliere regionale Pd, commentando l\u2019episodio di violenza ai danni di un agente della polizia penitenziarie avvenuto ieri nel carcere di Lucca.<\/p>\n<p>&nbsp;<\/p>\n","protected":false},"excerpt":{"rendered":"<p>\u00a0 Il consigliere regionale Pd dopo l\u2019episodio di violenza avvenuto ieri al carcere di Lucca e annuncia la volont\u00e0 di recarsi presto presso la struttura \u00a0 \u201cMassima solidariet\u00e0 all\u2019agente vittima di aggressione ieri all\u2019interno del carcere di Lucca. Nel guardare alla situazione dei nostri penitenziari un aspetto che non dobbiamo mai trascurare \u00e8 che al [&hellip;]<\/p>\n","protected":false},"author":1,"featured_media":7429,"comment_status":"closed","ping_status":"closed","sticky":false,"template":"","format":"standard","meta":{"_jetpack_memberships_contains_paid_content":false,"footnotes":""},"categories":[30,958],"tags":[],"class_list":{"0":"post-17580","1":"post","2":"type-post","3":"status-publish","4":"format-standard","5":"has-post-thumbnail","7":"category-comunicati-stampa","8":"category-stefano-baccelli","9":"czr-hentry"},"jetpack_featured_media_url":"https:\/\/www.gruppopdregionetoscana.it\/web\/wp-content\/uploads\/2014\/01\/carcere-e1389782328344.jpg","jetpack_sharing_enabled":true,"_links":{"self":[{"href":"https:\/\/www.gruppopdregionetoscana.it\/web\/wp-json\/wp\/v2\/posts\/17580","targetHints":{"allow":["GET"]}}],"collection":[{"href":"https:\/\/www.gruppopdregionetoscana.it\/web\/wp-json\/wp\/v2\/posts"}],"about":[{"href":"https:\/\/www.gruppopdregionetoscana.it\/web\/wp-json\/wp\/v2\/types\/post"}],"author":[{"embeddable":true,"href":"https:\/\/www.gruppopdregionetoscana.it\/web\/wp-json\/wp\/v2\/users\/1"}],"replies":[{"embeddable":true,"href":"https:\/\/www.gruppopdregionetoscana.it\/web\/wp-json\/wp\/v2\/comments?post=17580"}],"version-history":[{"count":0,"href":"https:\/\/www.gruppopdregionetoscana.it\/web\/wp-json\/wp\/v2\/posts\/17580\/revisions"}],"wp:featuredmedia":[{"embeddable":true,"href":"https:\/\/www.gruppopdregionetoscana.it\/web\/wp-json\/wp\/v2\/media\/7429"}],"wp:attachment":[{"href":"https:\/\/www.gruppopdregionetoscana.it\/web\/wp-json\/wp\/v2\/media?parent=17580"}],"wp:term":[{"taxonomy":"category","embeddable":true,"href":"https:\/\/www.gruppopdregionetoscana.it\/web\/wp-json\/wp\/v2\/categories?post=17580"},{"taxonomy":"post_tag","embeddable":true,"href":"https:\/\/www.gruppopdregionetoscana.it\/web\/wp-json\/wp\/v2\/tags?post=17580"}],"curies":[{"name":"wp","href":"https:\/\/api.w.org\/{rel}","templated":true}]}}