{"id":17582,"date":"2018-10-09T12:51:21","date_gmt":"2018-10-09T10:51:21","guid":{"rendered":"http:\/\/www.gruppopdregionetoscana.it\/web\/?p=17582"},"modified":"2018-10-09T12:51:21","modified_gmt":"2018-10-09T10:51:21","slug":"lucca-mozione-di-baccelli-per-salvaguardare-stabilimento-spirale-group-di-monsagrati-di-pescaglia-unoperazione-di-delocalizzazione-mascherata-da-crisi-aziendale-attivarsi-con-urge","status":"publish","type":"post","link":"https:\/\/www.gruppopdregionetoscana.it\/web\/lucca-mozione-di-baccelli-per-salvaguardare-stabilimento-spirale-group-di-monsagrati-di-pescaglia-unoperazione-di-delocalizzazione-mascherata-da-crisi-aziendale-attivarsi-con-urge\/","title":{"rendered":"Lucca, mozione di Baccelli per salvaguardare stabilimento Spirale group di Monsagrati di Pescaglia: \u201cUn\u2019operazione di delocalizzazione mascherata da crisi aziendale. Attivarsi con urgenza\u201d"},"content":{"rendered":"<p><em><img loading=\"lazy\" decoding=\"async\" class=\"size-medium wp-image-17583 alignleft\" src=\"http:\/\/www.gruppopdregionetoscana.it\/web\/wp-content\/uploads\/2018\/10\/luccaspirale-300x146.jpeg\" alt=\"\" width=\"300\" height=\"146\" srcset=\"https:\/\/www.gruppopdregionetoscana.it\/web\/wp-content\/uploads\/2018\/10\/luccaspirale-300x146.jpeg 300w, https:\/\/www.gruppopdregionetoscana.it\/web\/wp-content\/uploads\/2018\/10\/luccaspirale-1024x497.jpeg 1024w, https:\/\/www.gruppopdregionetoscana.it\/web\/wp-content\/uploads\/2018\/10\/luccaspirale.jpeg 1600w\" sizes=\"auto, (max-width: 300px) 100vw, 300px\" \/> Il consigliere regionale Pd, presente oggi all\u2019assemblea sindacale, porta sui banchi di Palazzo del Pegaso il caso dell\u2019azienda specializzata in produzione di calzature, a rischio chiusura<\/em><\/p>\n<p>&nbsp;<\/p>\n<p>Un tavolo di concertazione regionale, che coinvolga la societ\u00e0 proprietaria, le rappresentanze dei lavoratori e le istituzioni interessate, e uno nazionale, da richiedere in Conferenza delle Regioni, attivandosi nei confronti del Governo e del Ministero competente, al fine di mantenere i livelli occupazionali e tutelare la storica realt\u00e0 aziendale. Sono gli impegni che <strong>Stefano Baccelli<\/strong>, consigliere regionale Pd, attraverso una mozione sollecita alla Giunta, con l\u2019obiettivo di scongiurare la chiusura dello <strong>stabilimento Spirale group di Monsagrati di Pescaglia<\/strong> <strong>(LU)<\/strong>. Anche Baccelli era presente questa mattina all\u2019assemblea sindacale presso la sede dell\u2019azienda.<\/p>\n<p>&nbsp;<\/p>\n<p>Come si legge nel provvedimento, \u201cl\u2019azienda durante l\u2019incontro sindacale del 5 ottobre, ha annunciato la decisione unilaterale di chiudere l\u2019unit\u00e0 produttiva di Monsagrati di Pescaglia ed il conseguente licenziamento dei 42 lavoratori nella stessa impiegati, sostenendo che la decisione sarebbe legata a problemi di mercato ed in particolare ad una perdita pari ad euro 500.000 nell\u2019ultimo esercizio\u201d. Nel contempo per\u00f2, riporta ancora il dispositivo, \u00e8 emerso che \u201cparallelamente alla dismissione del ramo lucchese dell\u2019azienda per motivi legati alla crisi del mercato calzaturiero, l\u2019azienda sarebbe tuttavia intenzionata a procedere ad un potenziamento dello stabilimento centrale di Cinte Tesino (TN), dove la Spirale Group ha la sua sede\u201d. Inoltre, \u201cnel 2017 l\u2019azienda ha concordato con la Provincia autonoma di Trento e con Trentino Sviluppo, un piano di investimenti finalizzato all\u2019incremento della competitivit\u00e0 aziendale mediante innovazione tecnologica e lancio di nuovi prodotti\u201d e che \u201cl\u2019investimento, pari a circa 4 milioni di euro per il nuovo lay-out dello stabilimento e per gli adeguamenti impiantistici, sarebbe finalizzato, tra le altre cose, all\u2019ampliamento dell\u2019organico nella sede di Cinte Tesino, con l\u2019assunzione di nuove ulteriori 35 unit\u00e0 nella predetta sede entro il 2019\u201d.<\/p>\n<p>&nbsp;<\/p>\n<p>Una situazione controversa, che desta allarme, sulla quale si \u00e8 attivato immediatamente il consigliere Baccelli. \u201cUn annuncio inatteso, quello della chiusura, da parte degli attuali vertici aziendali, fatto peraltro adducendo motivi non fondati legati alla crisi del manifatturiero che su questa vicenda non ha nulla a che fare. Un\u2019operazione di delocalizzazione interna, a svantaggio di un presidio esistente che funziona: non posso quindi che condividere e fare mie\u00a0 le preoccupazioni espresse dai lavoratori e dalle organizzazioni sindacali e ribadite all\u2019incontro di questa mattina. &#8211;\u00a0 spiega <strong>Baccelli <\/strong>&#8211; A fronte dell\u2019ampliamento previsto per lo stabilimento di Cinte Tesino, abbiamo 42 lavoratori toscani a rischio, con tutte le conseguenze negative del caso su un territorio gi\u00e0 gravemente colpito dalla crisi economica. Non si pu\u00f2 aspettare: \u00e8 necessario e urgente ricercare una soluzione per evitare la chiusura dello stabilimento di Monsagrati di Pescaglia e favorire una risoluzione positiva della crisi aziendale, cercando di tutelare, con ogni azione utile, i rapporti di lavoro in essere e la realt\u00e0 lucchese. Realt\u00e0 peraltro ormai costitutiva del tessuto economico locale e radicata sul nostro territorio: ha infatti sede a Monsagrati di Pescaglia dai primi anni \u201970, prima di propriet\u00e0 dell\u2019imprenditore Gustavo Rontani e poi acquisita dal 2008 dal gruppo Spirale\u201d.<\/p>\n<p>&nbsp;<\/p>\n<p>Duplice l\u2019impegno che, nell\u2019atto presentato, viene richiesto alla Regione. \u201cCon questa mozione sollecito sia l\u2019attivazione di un tavolo di concertazione regionale che metta assieme tutti i soggetti coinvolti, sia di un tavolo nazionale, da richiedere in Conferenza permanente per i rapporti tra lo Stato, le Regioni e le Province autonome di Trento e Bolzano,\u00a0 in considerazione dell\u2019importanza e della portata sovra regionale dell\u2019azienda\u201d, conclude Baccelli.<\/p>\n","protected":false},"excerpt":{"rendered":"<p>Il consigliere regionale Pd, presente oggi all\u2019assemblea sindacale, porta sui banchi di Palazzo del Pegaso il caso dell\u2019azienda specializzata in produzione di calzature, a rischio chiusura &nbsp; Un tavolo di concertazione regionale, che coinvolga la societ\u00e0 proprietaria, le rappresentanze dei lavoratori e le istituzioni interessate, e uno nazionale, da richiedere in Conferenza delle Regioni, attivandosi [&hellip;]<\/p>\n","protected":false},"author":1,"featured_media":17584,"comment_status":"closed","ping_status":"closed","sticky":false,"template":"","format":"standard","meta":{"_jetpack_memberships_contains_paid_content":false,"footnotes":""},"categories":[30,958],"tags":[],"class_list":{"0":"post-17582","1":"post","2":"type-post","3":"status-publish","4":"format-standard","5":"has-post-thumbnail","7":"category-comunicati-stampa","8":"category-stefano-baccelli","9":"czr-hentry"},"jetpack_featured_media_url":"https:\/\/www.gruppopdregionetoscana.it\/web\/wp-content\/uploads\/2018\/10\/luccaspirale-1.jpeg","jetpack_sharing_enabled":true,"_links":{"self":[{"href":"https:\/\/www.gruppopdregionetoscana.it\/web\/wp-json\/wp\/v2\/posts\/17582","targetHints":{"allow":["GET"]}}],"collection":[{"href":"https:\/\/www.gruppopdregionetoscana.it\/web\/wp-json\/wp\/v2\/posts"}],"about":[{"href":"https:\/\/www.gruppopdregionetoscana.it\/web\/wp-json\/wp\/v2\/types\/post"}],"author":[{"embeddable":true,"href":"https:\/\/www.gruppopdregionetoscana.it\/web\/wp-json\/wp\/v2\/users\/1"}],"replies":[{"embeddable":true,"href":"https:\/\/www.gruppopdregionetoscana.it\/web\/wp-json\/wp\/v2\/comments?post=17582"}],"version-history":[{"count":0,"href":"https:\/\/www.gruppopdregionetoscana.it\/web\/wp-json\/wp\/v2\/posts\/17582\/revisions"}],"wp:featuredmedia":[{"embeddable":true,"href":"https:\/\/www.gruppopdregionetoscana.it\/web\/wp-json\/wp\/v2\/media\/17584"}],"wp:attachment":[{"href":"https:\/\/www.gruppopdregionetoscana.it\/web\/wp-json\/wp\/v2\/media?parent=17582"}],"wp:term":[{"taxonomy":"category","embeddable":true,"href":"https:\/\/www.gruppopdregionetoscana.it\/web\/wp-json\/wp\/v2\/categories?post=17582"},{"taxonomy":"post_tag","embeddable":true,"href":"https:\/\/www.gruppopdregionetoscana.it\/web\/wp-json\/wp\/v2\/tags?post=17582"}],"curies":[{"name":"wp","href":"https:\/\/api.w.org\/{rel}","templated":true}]}}