{"id":17586,"date":"2018-10-09T17:56:15","date_gmt":"2018-10-09T15:56:15","guid":{"rendered":"http:\/\/www.gruppopdregionetoscana.it\/web\/?p=17586"},"modified":"2018-10-09T17:56:15","modified_gmt":"2018-10-09T15:56:15","slug":"turismo-bilancio-toscana-promozione-si-allordine-del-giorno-pd-collegato","status":"publish","type":"post","link":"https:\/\/www.gruppopdregionetoscana.it\/web\/turismo-bilancio-toscana-promozione-si-allordine-del-giorno-pd-collegato\/","title":{"rendered":"Turismo, bilancio Toscana promozione: s\u00ec all\u2019ordine del giorno Pd collegato"},"content":{"rendered":"<p><em>Anselmi (PD): \u201cUtilizziamo parte dell\u2019utile per supportare i territori pi\u00f9 deboli\u201d<\/em><\/p>\n<p>Nuove risorse dal bilancio di Toscana Promozione per il supporto dei territori turisticamente pi\u00f9 deboli. Questo l\u2019impegno richiesto alla giunta regionale con l\u2019ordine del giorno presentato dai consiglieri democratici collegato alla discussione sul bilancio d\u2019esercizio dell\u2019agenzia regionale.<\/p>\n<p>\u201cDurante la discussione in commissione \u2013 spiega <strong>Gianni Anselmi<\/strong>, presidente della commissione Turismo \u2013 \u00e8 emerso chiaramente ci\u00f2 che gi\u00e0 gli studi di Irpet avevano evidenziato, ovvero che in Toscana ci sono territori storicamente pi\u00f9 forti dal punto di vista turistico e altri pi\u00f9 deboli. Con quest\u2019atto, dunque, vogliamo farci interpreti del dibattito svolto pochi giorni fa e proporre alla giunta di destinare parte dell\u2019utile di Toscana Promozione (al netto del 20% dovuto come riserva legale) al finanziamento di progetti a supporto delle aree meno note, penso ad esempio alle aree interne anche costiere, cos\u00ec da garantire l\u2019accesso a strumenti di promozione che possano renderle pi\u00f9 visibili, accessibili, interessanti sia per chi sceglie di visitare la Toscana, sia per chi ci vive\u201d.<\/p>\n<p>L\u2019atto, proposto dal presidente Gianni Anselmi e da Antonio Mazzeo \u00e8 stato sottoscritto dal capogruppo Leonardo Marras e dagli altri consiglieri Pd componenti della seconda commissione Alessandra Nardini, Marco Niccolai, Ilaria Bugetti e Simone Bezzini. L\u2019aula l\u2019ha approvato a maggioranza.<\/p>\n","protected":false},"excerpt":{"rendered":"<p>Anselmi (PD): \u201cUtilizziamo parte dell\u2019utile per supportare i territori pi\u00f9 deboli\u201d Nuove risorse dal bilancio di Toscana Promozione per il supporto dei territori turisticamente pi\u00f9 deboli. Questo l\u2019impegno richiesto alla giunta regionale con l\u2019ordine del giorno presentato dai consiglieri democratici collegato alla discussione sul bilancio d\u2019esercizio dell\u2019agenzia regionale. \u201cDurante la discussione in commissione \u2013 spiega [&hellip;]<\/p>\n","protected":false},"author":1,"featured_media":17587,"comment_status":"closed","ping_status":"closed","sticky":false,"template":"","format":"standard","meta":{"_jetpack_memberships_contains_paid_content":false,"footnotes":""},"categories":[966,30,957],"tags":[],"class_list":{"0":"post-17586","1":"post","2":"type-post","3":"status-publish","4":"format-standard","5":"has-post-thumbnail","7":"category-antonio-mazzeo","8":"category-comunicati-stampa","9":"category-gianni-anselmi","10":"czr-hentry"},"jetpack_featured_media_url":"https:\/\/www.gruppopdregionetoscana.it\/web\/wp-content\/uploads\/2018\/10\/toscana-ovunque-bella.jpg","jetpack_sharing_enabled":true,"_links":{"self":[{"href":"https:\/\/www.gruppopdregionetoscana.it\/web\/wp-json\/wp\/v2\/posts\/17586","targetHints":{"allow":["GET"]}}],"collection":[{"href":"https:\/\/www.gruppopdregionetoscana.it\/web\/wp-json\/wp\/v2\/posts"}],"about":[{"href":"https:\/\/www.gruppopdregionetoscana.it\/web\/wp-json\/wp\/v2\/types\/post"}],"author":[{"embeddable":true,"href":"https:\/\/www.gruppopdregionetoscana.it\/web\/wp-json\/wp\/v2\/users\/1"}],"replies":[{"embeddable":true,"href":"https:\/\/www.gruppopdregionetoscana.it\/web\/wp-json\/wp\/v2\/comments?post=17586"}],"version-history":[{"count":0,"href":"https:\/\/www.gruppopdregionetoscana.it\/web\/wp-json\/wp\/v2\/posts\/17586\/revisions"}],"wp:featuredmedia":[{"embeddable":true,"href":"https:\/\/www.gruppopdregionetoscana.it\/web\/wp-json\/wp\/v2\/media\/17587"}],"wp:attachment":[{"href":"https:\/\/www.gruppopdregionetoscana.it\/web\/wp-json\/wp\/v2\/media?parent=17586"}],"wp:term":[{"taxonomy":"category","embeddable":true,"href":"https:\/\/www.gruppopdregionetoscana.it\/web\/wp-json\/wp\/v2\/categories?post=17586"},{"taxonomy":"post_tag","embeddable":true,"href":"https:\/\/www.gruppopdregionetoscana.it\/web\/wp-json\/wp\/v2\/tags?post=17586"}],"curies":[{"name":"wp","href":"https:\/\/api.w.org\/{rel}","templated":true}]}}