{"id":17589,"date":"2018-10-09T18:45:09","date_gmt":"2018-10-09T16:45:09","guid":{"rendered":"http:\/\/www.gruppopdregionetoscana.it\/web\/?p=17589"},"modified":"2018-10-09T18:45:09","modified_gmt":"2018-10-09T16:45:09","slug":"no-alla-fondazione-dedicata-ad-un-femminicida-approvata-allunanimita-mozione-proposta-da-enrico-sostegni","status":"publish","type":"post","link":"https:\/\/www.gruppopdregionetoscana.it\/web\/no-alla-fondazione-dedicata-ad-un-femminicida-approvata-allunanimita-mozione-proposta-da-enrico-sostegni\/","title":{"rendered":"No alla Fondazione dedicata ad un femminicida, approvata all\u2019unanimit\u00e0 mozione proposta da Enrico Sostegni"},"content":{"rendered":"<p><strong>\u201cDisincentivare ogni iniziativa ambigua, non riconoscere la Fondazione\u201d, ha detto Sostegni<\/strong><\/p>\n<p><strong>\u201cImportante posizione unanime\u201d, ha detto Nicola Ciolini<\/strong><\/p>\n<p>\u00abLa decisione della famiglia di Federico Zini, il venticinquenne che lo scorso 26 maggio ha ucciso la ex fidanzata Elisa Amato, di intitolare una fondazione alla memoria del figlio con l\u2019intento dichiarato di combattere la violenza di genere e aiutare bambini in condizioni di disagio \u00e8 una iniziativa che suscita tutta la nostra contrariet\u00e0 ed \u00e8 per questo che chiediamo alla Regione Toscana di agire, nell\u2019ambito delle proprie competenze tra cui quella di concedere il riconoscimento giuridico, per disincentivare ogni iniziativa che, come questa, possa alimentare un messaggio ambiguo rispetto alle politiche di contrasto alla violenza di genere\u00bb.<\/p>\n<p>Lo ha detto il consigliere regionale del Pd <strong>Enrico Sostegni<\/strong>, intervenendo in Consiglio regionale sulla mozione sul caso Amato-Zini da lui stesso presentata nell\u2019agosto scorso. Un atto, approvato poi dall\u2019aula all\u2019unanimit\u00e0, nel quale si ricorda come la Regione Toscana abbia da sempre posto in primo piano le politiche incentrate sul contrasto alla violenza di genere attraverso un lavoro svolto, in primo luogo, a livello culturale sviluppando misure finalizzate ad aumentare la consapevolezza delle donne vittime di violenza circa la loro condizione e diffondendo un\u2019educazione alle relazioni e al rispetto di genere.<\/p>\n<p>Per questo, ha aggiunto Sostegni, \u00ababbiamo il dovere di opporci ad un messaggio ambiguo e sbagliato che a nostro avviso questa decisione della famiglia Zini porta con s\u00e9: quello per cui chi ha commesso un delitto cos\u00ec violento ed efferato possa invece diventare la vittima, insinuando altres\u00ec l\u2019idea che la vittima del femminicidio possa essere in qualche modo responsabile e creando cos\u00ec un precedente ambiguo e pericoloso\u00bb.<\/p>\n<p>Tragedie come questa, ha concluso Sostegni, oltre a distruggere famiglie e amici sia della vittima che di chi si rende reo di tale gravissimo crimine, scuotono profondamente le realt\u00e0 locali nelle quali avvengono e pi\u00f9 in generale tutta l\u2019opinione pubblica in quanto sono ingiustificabili e incomprensibili gesti, purtroppo ancora molto, troppo frequenti. \u00abL\u2019intitolazione di una Fondazione ad un femminicida potrebbe rappresentare anche un ulteriore deterrente per le donne a denunciare le violenze subite. E questo non possiamo permetterlo\u00bb.<\/p>\n<p>Sulla mozione \u00e8 intervenuto anche il consigliere Pd <strong>Nicola Ciolini<\/strong>, ricordando \u00abuna vicenda che ha suscitato l&#8217;attenzione di molte amministrazioni comunali, tra le quali quelle dell&#8217;area pratese vista anche che Elisa Amato abitava proprio a Prato, che hanno approvato mozioni simili. Credo che sia molto importante che il Consiglio regionale, su questo tema, assuma una posizione unanime\u00bb, ha concluso.<\/p>\n","protected":false},"excerpt":{"rendered":"<p>\u201cDisincentivare ogni iniziativa ambigua, non riconoscere la Fondazione\u201d, ha detto Sostegni \u201cImportante posizione unanime\u201d, ha detto Nicola Ciolini \u00abLa decisione della famiglia di Federico Zini, il venticinquenne che lo scorso 26 maggio ha ucciso la ex fidanzata Elisa Amato, di intitolare una fondazione alla memoria del figlio con l\u2019intento dichiarato di combattere la violenza di [&hellip;]<\/p>\n","protected":false},"author":1,"featured_media":16126,"comment_status":"closed","ping_status":"closed","sticky":false,"template":"","format":"standard","meta":{"_jetpack_memberships_contains_paid_content":false,"footnotes":""},"categories":[30,972,963],"tags":[],"class_list":{"0":"post-17589","1":"post","2":"type-post","3":"status-publish","4":"format-standard","5":"has-post-thumbnail","7":"category-comunicati-stampa","8":"category-enrico-sostegni","9":"category-nicola-ciolini","10":"czr-hentry"},"jetpack_featured_media_url":"https:\/\/www.gruppopdregionetoscana.it\/web\/wp-content\/uploads\/2017\/09\/enricosostegni.jpg","jetpack_sharing_enabled":true,"_links":{"self":[{"href":"https:\/\/www.gruppopdregionetoscana.it\/web\/wp-json\/wp\/v2\/posts\/17589","targetHints":{"allow":["GET"]}}],"collection":[{"href":"https:\/\/www.gruppopdregionetoscana.it\/web\/wp-json\/wp\/v2\/posts"}],"about":[{"href":"https:\/\/www.gruppopdregionetoscana.it\/web\/wp-json\/wp\/v2\/types\/post"}],"author":[{"embeddable":true,"href":"https:\/\/www.gruppopdregionetoscana.it\/web\/wp-json\/wp\/v2\/users\/1"}],"replies":[{"embeddable":true,"href":"https:\/\/www.gruppopdregionetoscana.it\/web\/wp-json\/wp\/v2\/comments?post=17589"}],"version-history":[{"count":0,"href":"https:\/\/www.gruppopdregionetoscana.it\/web\/wp-json\/wp\/v2\/posts\/17589\/revisions"}],"wp:featuredmedia":[{"embeddable":true,"href":"https:\/\/www.gruppopdregionetoscana.it\/web\/wp-json\/wp\/v2\/media\/16126"}],"wp:attachment":[{"href":"https:\/\/www.gruppopdregionetoscana.it\/web\/wp-json\/wp\/v2\/media?parent=17589"}],"wp:term":[{"taxonomy":"category","embeddable":true,"href":"https:\/\/www.gruppopdregionetoscana.it\/web\/wp-json\/wp\/v2\/categories?post=17589"},{"taxonomy":"post_tag","embeddable":true,"href":"https:\/\/www.gruppopdregionetoscana.it\/web\/wp-json\/wp\/v2\/tags?post=17589"}],"curies":[{"name":"wp","href":"https:\/\/api.w.org\/{rel}","templated":true}]}}