{"id":17632,"date":"2018-10-16T15:32:27","date_gmt":"2018-10-16T13:32:27","guid":{"rendered":"http:\/\/www.gruppopdregionetoscana.it\/web\/?p=17632"},"modified":"2018-10-16T15:32:27","modified_gmt":"2018-10-16T13:32:27","slug":"cooperative-sociali-procedure-piu-snelle-percentuale-piu-alta-degli-appalti-riservati-la-commissione-sanita-vara-la-nuova-legge-il-presidente-scaramelli-priorita-inserimento-lavorativo-d","status":"publish","type":"post","link":"https:\/\/www.gruppopdregionetoscana.it\/web\/cooperative-sociali-procedure-piu-snelle-percentuale-piu-alta-degli-appalti-riservati-la-commissione-sanita-vara-la-nuova-legge-il-presidente-scaramelli-priorita-inserimento-lavorativo-d\/","title":{"rendered":"Cooperative sociali: procedure pi\u00f9 snelle, percentuale pi\u00f9 alta degli appalti riservati. La commissione Sanit\u00e0 vara la nuova legge. Il presidente Scaramelli: \u201cPriorit\u00e0 inserimento lavorativo dei soggetti svantaggiati come elemento di dignit\u00e0 e diritto al lavoro\u201d"},"content":{"rendered":"<p>Valorizzare il ruolo delle cooperative snellendo le procedure burocratiche, innalzando le quote degli appalti riservati, puntando con maggior forza all\u2019inserimento lavorativo dei soggetti svantaggiati per contribuire ad una vera integrazione sociale delle persone. Questi i punti, elaborati in III Commissione, su cui ruota la proposta di legge che disciplina i rapporti fra le cooperative sociali e gli enti pubblici che operano in ambito regionale e che oggi ha ricevuto il via libera dalla commissione Sanit\u00e0.<\/p>\n<p>\u201cGrazie agli emendamenti del gruppo Pd \u2013 <strong>ha spiegato il presidente della commissione Sanit\u00e0 Stefano Scaramelli<\/strong> &#8211; dalla mera intenzione si passa alla cogenza normativa. Abbiamo ottenuto di snellire e semplificare i rapporti fra cooperative e pubbliche amministrazioni, adottando misure pi\u00f9 efficaci nell\u2019affidamento diretto. Grazie a questo nuovo provvedimento normativo da noi emendato, ci sar\u00e0 una maggiore valorizzazione e attenzione per i progetti di inserimento lavorativo la cui\u00a0 valutazione\u00a0da parte delle amministrazioni sar\u00e0 da oggi in poi obbligatoria. \u00c8 il lavoro come elemento di dignit\u00e0, come un diritto fondamentale delle persone, ad essere al centro della nuova legge. Il lavoro che si affianca ai concetti di esperienza vissuta, fatica, soddisfazione e miglioramento stesso dell\u2019uomo, indispensabile come le fondamenta. Un diritto, quello al lavoro, che fra tutti \u00e8 necessario in particolare per i pi\u00f9 deboli o svantaggiati. L\u2019essenza della cooperazione sociale e di questa norma che va loro incontro, risiede proprio nel creare le condizioni affinch\u00e9 le fasce pi\u00f9 deboli della nostra societ\u00e0 possano emanciparsi. Solo con il contributo e l\u2019impegno di tutti la nostra societ\u00e0 pu\u00f2 crescere e migliorarsi\u201d.<\/p>\n<p>Nello specifico con gli emendamenti del gruppo Pd si d\u00e0 maggiore cogenza agli affidamenti riservati alle cooperative sociali aumentando la quota degli appalti da riservare che devono essere fra il 3% e l\u20198%. Lo stesso anche per le cooperative sociali di tipo b alle quali si prevede di riservare una quota fino al 3% del valore complessivo annuo degli affidamenti. \u201cL\u2019obiettivo \u00e8 \u2013 ha <strong>concluso Scaramelli<\/strong> &#8211; valorizzare e promuovere la funzione delle cooperative sociali che operano con finalit\u00e0 di solidariet\u00e0, il benessere e l\u2019integrazione sociale dei cittadini\u201d.<\/p>\n<p>Questa nuova legge, attesa da oltre 20 anni, supera la legge 87\/1997 che viene cos\u00ec abrogata, tiene conto della recente riforma nazionale del terzo settore e conferma il ruolo fondamentale della cooperazione sociale come strumento di aiuto e sostegno lavorativo per i soggetti svantaggiati.<\/p>\n<p>&nbsp;<\/p>\n<p>&nbsp;<\/p>\n","protected":false},"excerpt":{"rendered":"<p>Valorizzare il ruolo delle cooperative snellendo le procedure burocratiche, innalzando le quote degli appalti riservati, puntando con maggior forza all\u2019inserimento lavorativo dei soggetti svantaggiati per contribuire ad una vera integrazione sociale delle persone. Questi i punti, elaborati in III Commissione, su cui ruota la proposta di legge che disciplina i rapporti fra le cooperative sociali [&hellip;]<\/p>\n","protected":false},"author":1,"featured_media":17429,"comment_status":"closed","ping_status":"closed","sticky":false,"template":"","format":"standard","meta":{"_jetpack_memberships_contains_paid_content":false,"footnotes":""},"categories":[30,971],"tags":[2050,101,751],"class_list":{"0":"post-17632","1":"post","2":"type-post","3":"status-publish","4":"format-standard","5":"has-post-thumbnail","7":"category-comunicati-stampa","8":"category-stefano-scaramelli","9":"tag-cooperative","10":"tag-sanita","11":"tag-sociale","12":"czr-hentry"},"jetpack_featured_media_url":"https:\/\/www.gruppopdregionetoscana.it\/web\/wp-content\/uploads\/2018\/08\/scaramelli11.jpg","jetpack_sharing_enabled":true,"_links":{"self":[{"href":"https:\/\/www.gruppopdregionetoscana.it\/web\/wp-json\/wp\/v2\/posts\/17632","targetHints":{"allow":["GET"]}}],"collection":[{"href":"https:\/\/www.gruppopdregionetoscana.it\/web\/wp-json\/wp\/v2\/posts"}],"about":[{"href":"https:\/\/www.gruppopdregionetoscana.it\/web\/wp-json\/wp\/v2\/types\/post"}],"author":[{"embeddable":true,"href":"https:\/\/www.gruppopdregionetoscana.it\/web\/wp-json\/wp\/v2\/users\/1"}],"replies":[{"embeddable":true,"href":"https:\/\/www.gruppopdregionetoscana.it\/web\/wp-json\/wp\/v2\/comments?post=17632"}],"version-history":[{"count":0,"href":"https:\/\/www.gruppopdregionetoscana.it\/web\/wp-json\/wp\/v2\/posts\/17632\/revisions"}],"wp:featuredmedia":[{"embeddable":true,"href":"https:\/\/www.gruppopdregionetoscana.it\/web\/wp-json\/wp\/v2\/media\/17429"}],"wp:attachment":[{"href":"https:\/\/www.gruppopdregionetoscana.it\/web\/wp-json\/wp\/v2\/media?parent=17632"}],"wp:term":[{"taxonomy":"category","embeddable":true,"href":"https:\/\/www.gruppopdregionetoscana.it\/web\/wp-json\/wp\/v2\/categories?post=17632"},{"taxonomy":"post_tag","embeddable":true,"href":"https:\/\/www.gruppopdregionetoscana.it\/web\/wp-json\/wp\/v2\/tags?post=17632"}],"curies":[{"name":"wp","href":"https:\/\/api.w.org\/{rel}","templated":true}]}}