{"id":17666,"date":"2018-10-23T18:30:21","date_gmt":"2018-10-23T16:30:21","guid":{"rendered":"http:\/\/www.gruppopdregionetoscana.it\/web\/?p=17666"},"modified":"2018-10-23T18:30:21","modified_gmt":"2018-10-23T16:30:21","slug":"rapporto-fenomeni-criminalita-organizzata-in-toscana-leonardo-marras-strumento-importante-ok-allosservatorio-ma-non-duplichi-lavoro","status":"publish","type":"post","link":"https:\/\/www.gruppopdregionetoscana.it\/web\/rapporto-fenomeni-criminalita-organizzata-in-toscana-leonardo-marras-strumento-importante-ok-allosservatorio-ma-non-duplichi-lavoro\/","title":{"rendered":"Rapporto fenomeni criminalit\u00e0 organizzata in Toscana, Leonardo Marras: \u201cStrumento importante, ok all\u2019Osservatorio ma non duplichi lavoro\u201d"},"content":{"rendered":"<p><strong>La sintesi dell\u2019intervento del capogruppo Dem sulla comunicazione dell\u2019assessore Bugli<\/strong><\/p>\n<p>\u00abE\u2019 vero che, come sempre si dice, non dobbiamo abbassare le guardia n\u00e9 dobbiamo considerarci immuni da questi fenomeni, ma \u00e8 anche il caso di sottolineare che se siamo arrivati ad un\u2019analisi e una conoscenza pi\u00f9 puntale molto lo dobbiamo proprio al lavoro della giunta regionale, che oggi ci presenta il secondo rapporto. Si tratta di uno strumento importante, che analizza anche alcuni punti che saranno oggetto di scelte di governo regionale e per questo ci aiuter\u00e0 a farle meglio\u00bb.<\/p>\n<p>Lo ha detto <strong>Leonardo Marras<\/strong>, capogruppo del Pd in Consiglio regionale, intervenendo in aula sul \u201cSecondo rapporto sui fenomeni di criminalit\u00e0 organizzata e corruzione in Toscana\u201d presentato dall\u2019assessore Vittorio Bugli.<\/p>\n<p>Marras ha anche invitato l\u2019ufficio di presidenza del Consiglio a costituire senza ulteriori ritardi l\u2019Osservatorio regionale sulla legalit\u00e0 che \u201cdeve essere strutturato non come un doppione del lavoro che gi\u00e0 viene fatto e deve quindi rivelarsi anch\u2019esso uno strumento utile\u201d.<\/p>\n<p>Rispetto ai punti illustrati dall\u2019assessore Bugli, il capogruppo Pd ha messo in evidenza alcune priorit\u00e0 su cui intervenire.<\/p>\n<p>\u00abUno dei dati che colpisce di pi\u00f9 \u2013 ha detto Marras \u2013 \u00e8 quello del primato della nostra regione, se si eccettuano le realt\u00e0 dove i fenomeni mafiosi sono nati e radicati, sui reati di favoreggiamento, che pu\u00f2 indicare la pericolosit\u00e0 di un atteggiamento diffuso di copertura e accondiscendenza ai fenomeni criminali. Come pure \u2013 ha aggiunto \u2013 dovremmo analizzare bene il dato che riguarda le province di Livorno, Massa Carrara e Grosseto, dove, per il carattere di crisi strutturale di queste aree, stiamo concentrando sforzi economici importanti e dove si configura una maggiore infiltrazione legata ai flussi degli investimenti. C\u2019\u00e8 quindi il grande tema dei controlli, che vanno estesi e rafforzati, proprio perch\u00e9 dove ci\u00f2 \u00e8 stato fatto i risultati sono venuti. Ma essi vanno accompagnati da scelte diametralmente opposte ai condoni sull\u2019Iva e all\u2019uso dei contanti, pena l\u2019incapacit\u00e0 di svolgere quei controlli. Infine \u2013 ha concluso Marras \u2013 bisogna aggredire le criticit\u00e0: dall\u2019utilizzo dei beni confiscati al supporto dell\u2019azione degli enti locali, all\u2019estensione dei protocolli con le prefetture sugli appalti e i requisiti antimafia\u00bb.<\/p>\n<p>&nbsp;<\/p>\n","protected":false},"excerpt":{"rendered":"<p>La sintesi dell\u2019intervento del capogruppo Dem sulla comunicazione dell\u2019assessore Bugli \u00abE\u2019 vero che, come sempre si dice, non dobbiamo abbassare le guardia n\u00e9 dobbiamo considerarci immuni da questi fenomeni, ma \u00e8 anche il caso di sottolineare che se siamo arrivati ad un\u2019analisi e una conoscenza pi\u00f9 puntale molto lo dobbiamo proprio al lavoro della giunta [&hellip;]<\/p>\n","protected":false},"author":1,"featured_media":11185,"comment_status":"closed","ping_status":"closed","sticky":false,"template":"","format":"standard","meta":{"_jetpack_memberships_contains_paid_content":false,"footnotes":""},"categories":[30,954],"tags":[349],"class_list":{"0":"post-17666","1":"post","2":"type-post","3":"status-publish","4":"format-standard","5":"has-post-thumbnail","7":"category-comunicati-stampa","8":"category-leonardo-marras","9":"tag-mafia","10":"czr-hentry"},"jetpack_featured_media_url":"https:\/\/www.gruppopdregionetoscana.it\/web\/wp-content\/uploads\/2015\/10\/Marras.jpg","jetpack_sharing_enabled":true,"_links":{"self":[{"href":"https:\/\/www.gruppopdregionetoscana.it\/web\/wp-json\/wp\/v2\/posts\/17666","targetHints":{"allow":["GET"]}}],"collection":[{"href":"https:\/\/www.gruppopdregionetoscana.it\/web\/wp-json\/wp\/v2\/posts"}],"about":[{"href":"https:\/\/www.gruppopdregionetoscana.it\/web\/wp-json\/wp\/v2\/types\/post"}],"author":[{"embeddable":true,"href":"https:\/\/www.gruppopdregionetoscana.it\/web\/wp-json\/wp\/v2\/users\/1"}],"replies":[{"embeddable":true,"href":"https:\/\/www.gruppopdregionetoscana.it\/web\/wp-json\/wp\/v2\/comments?post=17666"}],"version-history":[{"count":0,"href":"https:\/\/www.gruppopdregionetoscana.it\/web\/wp-json\/wp\/v2\/posts\/17666\/revisions"}],"wp:featuredmedia":[{"embeddable":true,"href":"https:\/\/www.gruppopdregionetoscana.it\/web\/wp-json\/wp\/v2\/media\/11185"}],"wp:attachment":[{"href":"https:\/\/www.gruppopdregionetoscana.it\/web\/wp-json\/wp\/v2\/media?parent=17666"}],"wp:term":[{"taxonomy":"category","embeddable":true,"href":"https:\/\/www.gruppopdregionetoscana.it\/web\/wp-json\/wp\/v2\/categories?post=17666"},{"taxonomy":"post_tag","embeddable":true,"href":"https:\/\/www.gruppopdregionetoscana.it\/web\/wp-json\/wp\/v2\/tags?post=17666"}],"curies":[{"name":"wp","href":"https:\/\/api.w.org\/{rel}","templated":true}]}}