{"id":17680,"date":"2018-10-24T16:18:59","date_gmt":"2018-10-24T14:18:59","guid":{"rendered":"http:\/\/www.gruppopdregionetoscana.it\/web\/?p=17680"},"modified":"2018-10-24T16:19:38","modified_gmt":"2018-10-24T14:19:38","slug":"dispositivi-salva-bambino-unanimita-dellaula-alla-mozione-mazzeo-pd-pronta-fase-operativa-dal-consiglio-regionale-100mila-euro-per-cofinanziare-il-sistema-di-alert","status":"publish","type":"post","link":"https:\/\/www.gruppopdregionetoscana.it\/web\/dispositivi-salva-bambino-unanimita-dellaula-alla-mozione-mazzeo-pd-pronta-fase-operativa-dal-consiglio-regionale-100mila-euro-per-cofinanziare-il-sistema-di-alert\/","title":{"rendered":"Dispositivi salva bambino, unanimit\u00e0 dell\u2019aula alla mozione. Mazzeo (PD): \u201cPronta fase operativa: dal Consiglio regionale 100mila euro per cofinanziare il sistema di alert\u201d"},"content":{"rendered":"<p><img loading=\"lazy\" decoding=\"async\" class=\" wp-image-11622 alignleft\" src=\"http:\/\/www.gruppopdregionetoscana.it\/web\/wp-content\/uploads\/2015\/12\/mazzeo-2-300x2051-300x205.jpg\" alt=\"\" width=\"250\" height=\"171\" \/>\u201cAll\u2019ordine del giorno del prossimo ufficio di presidenza \u00e8 gi\u00e0 stata inserita la presentazione di una proposta di legge con la quale il Consiglio Regionale stanzier\u00e0 100mila euro per cofinanziare, insieme alla giunta, un sistema di alert da dare in dotazione a tutti i nidi comunali e convenzionati in modo da ridurre il pi\u00f9 possibile il rischio di abbandono di bambini in auto\u201d. \u00c8 quanto detto questa mattina in aula da <strong>Antonio Mazzeo<\/strong>, consigliere regionale PD e membro dell\u2019ufficio di presidenza, intervenendo nella discussione su una mozione, poi approvata all\u2019unanimit\u00e0, in materia di prevenzione del rischio di abbandono di bimbi in auto.<\/p>\n<p>\u201cSiamo gi\u00e0 andati oltre il testo di quella mozione e siamo ormai gi\u00e0 nella fase operativa che vedr\u00e0 anche il coinvolgimento di Anci Toscana \u2013 ha spiegato Mazzeo \u2013 Possiamo farlo grazie alle risorse che abbiamo recuperato dai risparmi del bilancio del Consiglio e che, anche alla luce degli ultimi drammi che hanno sconvolto la nostra Regione, potranno dare un contributo concreto su un tema di fronte al quale nessuno di noi pu\u00f2 rimanere indifferente. Con la giunta che, dietro nostra sollecitazione, aveva gi\u00e0 modificato il regolamento sui servizi educativi per la prima infanzia istituendo l\u2019obbligo dal 1\u00b0 gennaio di rilevare le presenze nei nidi e comunicare le assenze non giustificate, stiamo dunque lavorando per dare risposte concrete alle famiglie toscane. E\u2019 la dimostrazione che non vogliamo perdere tempo ed essere operativi il prima possibile, gi\u00e0 fin dall\u2019inizio del prossimo anno. E se questo servir\u00e0 a salvare la vita anche a un solo bambino, sapremo di aver fatto un buon lavoro\u201d.<\/p>\n","protected":false},"excerpt":{"rendered":"<p>\u201cAll\u2019ordine del giorno del prossimo ufficio di presidenza \u00e8 gi\u00e0 stata inserita la presentazione di una proposta di legge con la quale il Consiglio Regionale stanzier\u00e0 100mila euro per cofinanziare, insieme alla giunta, un sistema di alert da dare in dotazione a tutti i nidi comunali e convenzionati in modo da ridurre il pi\u00f9 possibile [&hellip;]<\/p>\n","protected":false},"author":1,"featured_media":17681,"comment_status":"closed","ping_status":"closed","sticky":false,"template":"","format":"standard","meta":{"_jetpack_memberships_contains_paid_content":false,"footnotes":""},"categories":[966,30],"tags":[],"class_list":{"0":"post-17680","1":"post","2":"type-post","3":"status-publish","4":"format-standard","5":"has-post-thumbnail","7":"category-antonio-mazzeo","8":"category-comunicati-stampa","9":"czr-hentry"},"jetpack_featured_media_url":"https:\/\/www.gruppopdregionetoscana.it\/web\/wp-content\/uploads\/2018\/10\/csm_Sicurezza_-_Seggiolino_e5e7d5fe57.jpg","jetpack_sharing_enabled":true,"_links":{"self":[{"href":"https:\/\/www.gruppopdregionetoscana.it\/web\/wp-json\/wp\/v2\/posts\/17680","targetHints":{"allow":["GET"]}}],"collection":[{"href":"https:\/\/www.gruppopdregionetoscana.it\/web\/wp-json\/wp\/v2\/posts"}],"about":[{"href":"https:\/\/www.gruppopdregionetoscana.it\/web\/wp-json\/wp\/v2\/types\/post"}],"author":[{"embeddable":true,"href":"https:\/\/www.gruppopdregionetoscana.it\/web\/wp-json\/wp\/v2\/users\/1"}],"replies":[{"embeddable":true,"href":"https:\/\/www.gruppopdregionetoscana.it\/web\/wp-json\/wp\/v2\/comments?post=17680"}],"version-history":[{"count":0,"href":"https:\/\/www.gruppopdregionetoscana.it\/web\/wp-json\/wp\/v2\/posts\/17680\/revisions"}],"wp:featuredmedia":[{"embeddable":true,"href":"https:\/\/www.gruppopdregionetoscana.it\/web\/wp-json\/wp\/v2\/media\/17681"}],"wp:attachment":[{"href":"https:\/\/www.gruppopdregionetoscana.it\/web\/wp-json\/wp\/v2\/media?parent=17680"}],"wp:term":[{"taxonomy":"category","embeddable":true,"href":"https:\/\/www.gruppopdregionetoscana.it\/web\/wp-json\/wp\/v2\/categories?post=17680"},{"taxonomy":"post_tag","embeddable":true,"href":"https:\/\/www.gruppopdregionetoscana.it\/web\/wp-json\/wp\/v2\/tags?post=17680"}],"curies":[{"name":"wp","href":"https:\/\/api.w.org\/{rel}","templated":true}]}}