{"id":17722,"date":"2018-11-07T09:50:28","date_gmt":"2018-11-07T08:50:28","guid":{"rendered":"http:\/\/www.gruppopdregionetoscana.it\/web\/?p=17722"},"modified":"2018-11-07T09:50:28","modified_gmt":"2018-11-07T08:50:28","slug":"tpl-contratto-ponte-ok-a-risoluzione-pd-baccelli-acquisto-nuovi-mezzi-in-tempi-rapidi-e-con-adeguata-ripartizione-tutelando-aree-interne","status":"publish","type":"post","link":"https:\/\/www.gruppopdregionetoscana.it\/web\/tpl-contratto-ponte-ok-a-risoluzione-pd-baccelli-acquisto-nuovi-mezzi-in-tempi-rapidi-e-con-adeguata-ripartizione-tutelando-aree-interne\/","title":{"rendered":"TPL, contratto-ponte, ok a risoluzione Pd. Baccelli: \u201cAcquisto nuovi mezzi in tempi rapidi e con adeguata ripartizione, tutelando aree interne\u201d"},"content":{"rendered":"<p><em><img loading=\"lazy\" decoding=\"async\" class=\"size-full wp-image-17723 alignleft\" src=\"http:\/\/www.gruppopdregionetoscana.it\/web\/wp-content\/uploads\/2018\/11\/autobus.jpg\" alt=\"\" width=\"290\" height=\"193\" \/>Atto di indirizzo del gruppo Pd in Consiglio regionale collegato alla comunicazione dell\u2019assessore ai Trasporti Vincenzo Ceccarelli in merito all\u2019 \u201cAggiornamento del \u2018Contratto-ponte\u2019 TPL gomma in Toscana\u201d<\/em><\/p>\n<p><em>\u00a0<\/em><\/p>\n<p>Piena condivisione dei contenuti della comunicazione dell\u2019assessore Vincenzo Ceccarelli, soprattutto riguardo al lavoro avviato per ridurre i costi di esercizio e migliorare la qualit\u00e0 del servizio. Impegno a proseguire nel percorso gi\u00e0 intrapreso per la qualificazione del trasporto pubblico su gomma, al fine di dare al sistema stabilit\u00e0 economico-gestionale e sempre maggiore equit\u00e0, particolare attenzione all\u2019aspetto dell\u2019acquisto dei nuovi mezzi, affinch\u00e9 ci\u00f2 avvenga in tempi rapidi e con un\u2019adeguata ripartizione sull\u2019intero territorio regionale, tenendo ben presente le aree interne. Questi i punti principali della risoluzione Pd collegata alla comunicazione dell\u2019assessore Vincenzo Ceccarelli in merito all\u2019 <strong><em>\u201caggiornamento del \u2018Contratto-ponte\u2019 TPL gomma in Toscana\u201d <\/em><\/strong>e approvata nella seduta odierna del Consiglio regionale. A illustrare l\u2019atto in aula <strong>Stefano Baccelli, <\/strong>presidente commissione Trasporti e infrastrutture a Palazzo del Pegaso.<\/p>\n<p>&nbsp;<\/p>\n<p>\u201cA fronte delle difficolt\u00e0 oggettive di realizzazione del bando unico regionale e del contenzioso in corso, la definizione del contratto-ponte ha rappresentato la soluzione pi\u00f9 idonea per garantire un trasporto pubblico su gomma di qualit\u00e0. \u2013 ha fatto presente <strong>Baccelli<\/strong> \u2013 Gli effetti positivi del contratto-ponte si sono concretizzati in primo luogo con il programma di investimenti per il rinnovo del parco mezzi e delle tecnologie, con l\u2019inserimento di 279 nuovi autobus, maggiormente ecosostenibili, che andranno a colmare criticit\u00e0 territoriali esistenti. Se il monitoraggio sul processo di omogeneizzazione tariffaria ha evidenziato alcune storture, sia per quanto riguarda gli aumenti sia per la carenza di titoli di viaggio rivolti a singole categorie di utenti, la Giunta ha dimostrato di saper intervenire con una rimodulazione efficace, un\u2019azione che chiediamo di proseguire. Tra gli effetti positivi merita di essere annoverato anche il mantenimento dei livelli occupazionali degli oltre 5mila addetti del settore e la ripresa del meccanismo di turn over. Oltre a ribadire quindi la piena condivisione del complesso di interventi illustrato dall\u2019assessore Ceccarelli, con la risoluzione vogliamo puntare l\u2019attenzione soprattutto sull\u2019operazione di rinnovo del parco mezzi e sulla necessit\u00e0 di garantirne una ripartizione equa e adeguata in tutta la Toscana, perch\u00e9 obiettivo fondamentale deve restare sempre quello di garantire pari accesso ai servizi e pari qualit\u00e0 in ogni territorio, con una particolare attenzione per le aree marginali e interne, in modo da dare risposte sempre pi\u00f9 coerenti con le aspettative e le esigenze dei cittadini\u201d.<\/p>\n<p>&nbsp;<\/p>\n","protected":false},"excerpt":{"rendered":"<p>Atto di indirizzo del gruppo Pd in Consiglio regionale collegato alla comunicazione dell\u2019assessore ai Trasporti Vincenzo Ceccarelli in merito all\u2019 \u201cAggiornamento del \u2018Contratto-ponte\u2019 TPL gomma in Toscana\u201d \u00a0 Piena condivisione dei contenuti della comunicazione dell\u2019assessore Vincenzo Ceccarelli, soprattutto riguardo al lavoro avviato per ridurre i costi di esercizio e migliorare la qualit\u00e0 del servizio. Impegno [&hellip;]<\/p>\n","protected":false},"author":1,"featured_media":17723,"comment_status":"closed","ping_status":"closed","sticky":false,"template":"","format":"standard","meta":{"_jetpack_memberships_contains_paid_content":false,"footnotes":""},"categories":[30,958],"tags":[2013,776,2056,542],"class_list":{"0":"post-17722","1":"post","2":"type-post","3":"status-publish","4":"format-standard","5":"has-post-thumbnail","7":"category-comunicati-stampa","8":"category-stefano-baccelli","9":"tag-bus","10":"tag-tpl","11":"tag-tram","12":"tag-trasporto-pubblico-locale","13":"czr-hentry"},"jetpack_featured_media_url":"https:\/\/www.gruppopdregionetoscana.it\/web\/wp-content\/uploads\/2018\/11\/autobus.jpg","jetpack_sharing_enabled":true,"_links":{"self":[{"href":"https:\/\/www.gruppopdregionetoscana.it\/web\/wp-json\/wp\/v2\/posts\/17722","targetHints":{"allow":["GET"]}}],"collection":[{"href":"https:\/\/www.gruppopdregionetoscana.it\/web\/wp-json\/wp\/v2\/posts"}],"about":[{"href":"https:\/\/www.gruppopdregionetoscana.it\/web\/wp-json\/wp\/v2\/types\/post"}],"author":[{"embeddable":true,"href":"https:\/\/www.gruppopdregionetoscana.it\/web\/wp-json\/wp\/v2\/users\/1"}],"replies":[{"embeddable":true,"href":"https:\/\/www.gruppopdregionetoscana.it\/web\/wp-json\/wp\/v2\/comments?post=17722"}],"version-history":[{"count":0,"href":"https:\/\/www.gruppopdregionetoscana.it\/web\/wp-json\/wp\/v2\/posts\/17722\/revisions"}],"wp:featuredmedia":[{"embeddable":true,"href":"https:\/\/www.gruppopdregionetoscana.it\/web\/wp-json\/wp\/v2\/media\/17723"}],"wp:attachment":[{"href":"https:\/\/www.gruppopdregionetoscana.it\/web\/wp-json\/wp\/v2\/media?parent=17722"}],"wp:term":[{"taxonomy":"category","embeddable":true,"href":"https:\/\/www.gruppopdregionetoscana.it\/web\/wp-json\/wp\/v2\/categories?post=17722"},{"taxonomy":"post_tag","embeddable":true,"href":"https:\/\/www.gruppopdregionetoscana.it\/web\/wp-json\/wp\/v2\/tags?post=17722"}],"curies":[{"name":"wp","href":"https:\/\/api.w.org\/{rel}","templated":true}]}}