{"id":17840,"date":"2018-12-06T11:49:32","date_gmt":"2018-12-06T10:49:32","guid":{"rendered":"http:\/\/www.gruppopdregionetoscana.it\/web\/?p=17840"},"modified":"2018-12-06T11:49:32","modified_gmt":"2018-12-06T10:49:32","slug":"vita-indipendente-andrea-pieroni-diritto-fondamentale-da-tutelare-con-legge-dedicata-e-risorse-adeguate","status":"publish","type":"post","link":"https:\/\/www.gruppopdregionetoscana.it\/web\/vita-indipendente-andrea-pieroni-diritto-fondamentale-da-tutelare-con-legge-dedicata-e-risorse-adeguate\/","title":{"rendered":"Vita indipendente, Andrea Pieroni: \u201cDiritto fondamentale da tutelare con legge dedicata e risorse adeguate\u201d"},"content":{"rendered":"<p><img loading=\"lazy\" decoding=\"async\" class=\"alignleft size-medium wp-image-15873\" src=\"http:\/\/www.gruppopdregionetoscana.it\/web\/wp-content\/uploads\/2017\/07\/Pieroni-Andrea-200x300.jpg\" alt=\"\" width=\"200\" height=\"300\" srcset=\"https:\/\/www.gruppopdregionetoscana.it\/web\/wp-content\/uploads\/2017\/07\/Pieroni-Andrea-200x300.jpg 200w, https:\/\/www.gruppopdregionetoscana.it\/web\/wp-content\/uploads\/2017\/07\/Pieroni-Andrea-683x1024.jpg 683w, https:\/\/www.gruppopdregionetoscana.it\/web\/wp-content\/uploads\/2017\/07\/Pieroni-Andrea.jpg 1486w\" sizes=\"auto, (max-width: 200px) 100vw, 200px\" \/>Approvare presto una nuova legge nazionale sulla vita indipendente e incrementare lo stanziamento statale annuale alle Regioni per permettere la completa realizzazione dei progetti a sostegno delle persone con disabilit\u00e0. Questo l\u2019impegno che il consigliere regionale <strong>Andrea Pieroni<\/strong> chiede alla giunta toscana con una mozione che arriver\u00e0 in aula nelle prossime settimane e che \u00e8 frutto di una serie di incontri con i rappresentanti delle associazioni.<\/p>\n<p>\u201cLa tutela dei diritti civili e sociali \u00e8, da sempre, una priorit\u00e0 per la Toscana; lo abbiamo ribadito anche nel Programma regionale di sviluppo con un progetto dedicato \u2013 spiega Pieroni \u2013 e, soprattutto, non pu\u00f2 prescindere dalle azioni a sostegno della vita indipendente. Il finanziamento regionale al progetto che porta proprio il nome \u2018Vita indipendente\u2019, e che ha l\u2019obiettivo di garantire a persone con disabilit\u00e0 grave di autodeterminarsi, \u00e8 passato dai 2 milioni di euro del 2009, ai 7 milioni del 2013, fino ai 9 milioni del 2015. A queste risorse si aggiungono quelle nazionali, appena 15 milioni, che il Governo mette a disposizione annualmente. Ma non basta! I fondi ad oggi disponibili permettono s\u00ec di fare molto, ma non sono sufficienti a far fronte a tutte le richieste di attivazione di progetti per la vita indipendente \u201d.<\/p>\n<p>\u201cGarantire la vita indipendente al maggior numero di aventi diritto \u2013 prosegue Pieroni \u2013 oltre ad essere una doverosa conquista in termini sociali ed un miglioramento significativo della qualit\u00e0 della vita, costituisce anche un vantaggio economico per il sistema socio-sanitario. Anche per questo chiedo alla giunta regionale di attivarsi con il Governo affinch\u00e9 si incrementi lo stanziamento annuale a favore delle Regioni a valere sul fondo della non-autosufficienza. Cos\u00ec aumenteranno le possibilit\u00e0 di accedere misure e sostegni previste dai vari progetti e sar\u00e0 riconosciuto con pi\u00f9 forza un diritto che meriterebbe, a mio avviso, di essere affermato e sancito con l\u2019approvazione di una specifica norma nazionale in materia\u201d.<\/p>\n<p>&nbsp;<\/p>\n","protected":false},"excerpt":{"rendered":"<p>Approvare presto una nuova legge nazionale sulla vita indipendente e incrementare lo stanziamento statale annuale alle Regioni per permettere la completa realizzazione dei progetti a sostegno delle persone con disabilit\u00e0. Questo l\u2019impegno che il consigliere regionale Andrea Pieroni chiede alla giunta toscana con una mozione che arriver\u00e0 in aula nelle prossime settimane e che \u00e8 [&hellip;]<\/p>\n","protected":false},"author":1,"featured_media":17841,"comment_status":"closed","ping_status":"closed","sticky":false,"template":"","format":"standard","meta":{"_jetpack_memberships_contains_paid_content":false,"footnotes":""},"categories":[970,30],"tags":[],"class_list":{"0":"post-17840","1":"post","2":"type-post","3":"status-publish","4":"format-standard","5":"has-post-thumbnail","7":"category-andrea-pieroni","8":"category-comunicati-stampa","9":"czr-hentry"},"jetpack_featured_media_url":"https:\/\/www.gruppopdregionetoscana.it\/web\/wp-content\/uploads\/2018\/12\/disabili.jpg","jetpack_sharing_enabled":true,"_links":{"self":[{"href":"https:\/\/www.gruppopdregionetoscana.it\/web\/wp-json\/wp\/v2\/posts\/17840","targetHints":{"allow":["GET"]}}],"collection":[{"href":"https:\/\/www.gruppopdregionetoscana.it\/web\/wp-json\/wp\/v2\/posts"}],"about":[{"href":"https:\/\/www.gruppopdregionetoscana.it\/web\/wp-json\/wp\/v2\/types\/post"}],"author":[{"embeddable":true,"href":"https:\/\/www.gruppopdregionetoscana.it\/web\/wp-json\/wp\/v2\/users\/1"}],"replies":[{"embeddable":true,"href":"https:\/\/www.gruppopdregionetoscana.it\/web\/wp-json\/wp\/v2\/comments?post=17840"}],"version-history":[{"count":0,"href":"https:\/\/www.gruppopdregionetoscana.it\/web\/wp-json\/wp\/v2\/posts\/17840\/revisions"}],"wp:featuredmedia":[{"embeddable":true,"href":"https:\/\/www.gruppopdregionetoscana.it\/web\/wp-json\/wp\/v2\/media\/17841"}],"wp:attachment":[{"href":"https:\/\/www.gruppopdregionetoscana.it\/web\/wp-json\/wp\/v2\/media?parent=17840"}],"wp:term":[{"taxonomy":"category","embeddable":true,"href":"https:\/\/www.gruppopdregionetoscana.it\/web\/wp-json\/wp\/v2\/categories?post=17840"},{"taxonomy":"post_tag","embeddable":true,"href":"https:\/\/www.gruppopdregionetoscana.it\/web\/wp-json\/wp\/v2\/tags?post=17840"}],"curies":[{"name":"wp","href":"https:\/\/api.w.org\/{rel}","templated":true}]}}