{"id":17884,"date":"2018-12-17T16:08:10","date_gmt":"2018-12-17T15:08:10","guid":{"rendered":"http:\/\/www.gruppopdregionetoscana.it\/web\/?p=17884"},"modified":"2018-12-17T16:08:10","modified_gmt":"2018-12-17T15:08:10","slug":"livorno-idrovora-via-firenze-gazzetti-finalmente-linizio-dei-lavori-mia-attenzione-continuera-ad-essere-costante","status":"publish","type":"post","link":"https:\/\/www.gruppopdregionetoscana.it\/web\/livorno-idrovora-via-firenze-gazzetti-finalmente-linizio-dei-lavori-mia-attenzione-continuera-ad-essere-costante\/","title":{"rendered":"Livorno, Idrovora via Firenze, Gazzetti: \u201cFinalmente l\u2019inizio dei lavori. Mia attenzione continuer\u00e0 ad essere costante\u201d"},"content":{"rendered":"<p><em>Il consigliere del Pd in Regione ringrazia Consorzio di Bonifica 5 Toscana Costa e sottolinea ruolo determinante Giunta<\/em><\/p>\n<p>\u201cMi arrivano in queste ore notizie importanti su di un altro intervento atteso da anni e sul quale, sin dalla mia elezione, ho concentrato l&#8217;attenzione. Parlo dell&#8217;idrovora di via Firenze a Livorno. Un&#8217;opera fortemente voluta per affrontare e risolvere il problema degli allagamenti del sottopasso\u201d. Cos\u00ec il <strong>consigliere del Pd in Regione Francesco Gazzetti<\/strong> che aggiunge : \u201c La novit\u00e0 davvero importante \u00a0\u00e8 che entro questa settimana saranno completati gli interventi propedeutici per l&#8217;installazione del cantiere, mentre l&#8217;avvio dei lavori \u00e8 previsto nei primi giorni dell&#8217;anno, subito dopo le festivit\u00e0. Lavori la cui conclusione \u00e8 prevista entro la fine di marzo 2019. Un intervento- <strong>ci tiene a ricordare Gazzetti-<\/strong> che \u00e8 finanziato dalla Regione e che \u00e8 seguito passo dal Consorzio di Bonifica 5 Toscana Costa che ha curato, indetto ed assegnato l&#8217;appalto. Nelle scorse settimane si sono gi\u00e0 svolte delle lavorazioni sul sito del cantiere che hanno reso possibile l&#8217;avvio della fase conclusiva dell&#8217;intervento. Voglio per questo ringraziare il presidente del Consorzio di Bonifica 5 Toscana Costa Giancarlo Vallesi per la cura e la determinazione con cui sta seguendo questa vicenda, ben consapevole, come tutta la sua struttura, della valenza di questa opera per la popolazione. Un&#8217;attenzione che ho verificato personalmente in questi mesi di contatti che si sono svolti periodicamente per fare il punto sull&#8217;iter dell&#8217;intervento. Cos\u00ec come determinante, a livello regionale, \u00e8 stata l&#8217;attenzione della Giunta guidata dal Presidente Rossi con un confronto costante sul tema con l&#8217;assessore Federica Fratoni. Adesso non ci resta che attendere l&#8217;avvio dei lavori. Ed anche in questo caso- <strong>conclude il consigliere Gazzetti<\/strong> &#8211;\u00a0 sono pronto a monitorare quello che accadr\u00e0 con sopralluoghi e visite\u201d<\/p>\n<p><strong>\u00a0<\/strong><\/p>\n","protected":false},"excerpt":{"rendered":"<p>Il consigliere del Pd in Regione ringrazia Consorzio di Bonifica 5 Toscana Costa e sottolinea ruolo determinante Giunta \u201cMi arrivano in queste ore notizie importanti su di un altro intervento atteso da anni e sul quale, sin dalla mia elezione, ho concentrato l&#8217;attenzione. Parlo dell&#8217;idrovora di via Firenze a Livorno. Un&#8217;opera fortemente voluta per affrontare [&hellip;]<\/p>\n","protected":false},"author":1,"featured_media":17170,"comment_status":"closed","ping_status":"closed","sticky":false,"template":"","format":"standard","meta":{"_jetpack_memberships_contains_paid_content":false,"footnotes":""},"categories":[30,1002],"tags":[2079,33],"class_list":{"0":"post-17884","1":"post","2":"type-post","3":"status-publish","4":"format-standard","5":"has-post-thumbnail","7":"category-comunicati-stampa","8":"category-francesco-gazzetti","9":"tag-idrovora","10":"tag-livorno","11":"czr-hentry"},"jetpack_featured_media_url":"https:\/\/www.gruppopdregionetoscana.it\/web\/wp-content\/uploads\/2018\/06\/gazzettiok-520x350.jpg","jetpack_sharing_enabled":true,"_links":{"self":[{"href":"https:\/\/www.gruppopdregionetoscana.it\/web\/wp-json\/wp\/v2\/posts\/17884","targetHints":{"allow":["GET"]}}],"collection":[{"href":"https:\/\/www.gruppopdregionetoscana.it\/web\/wp-json\/wp\/v2\/posts"}],"about":[{"href":"https:\/\/www.gruppopdregionetoscana.it\/web\/wp-json\/wp\/v2\/types\/post"}],"author":[{"embeddable":true,"href":"https:\/\/www.gruppopdregionetoscana.it\/web\/wp-json\/wp\/v2\/users\/1"}],"replies":[{"embeddable":true,"href":"https:\/\/www.gruppopdregionetoscana.it\/web\/wp-json\/wp\/v2\/comments?post=17884"}],"version-history":[{"count":0,"href":"https:\/\/www.gruppopdregionetoscana.it\/web\/wp-json\/wp\/v2\/posts\/17884\/revisions"}],"wp:featuredmedia":[{"embeddable":true,"href":"https:\/\/www.gruppopdregionetoscana.it\/web\/wp-json\/wp\/v2\/media\/17170"}],"wp:attachment":[{"href":"https:\/\/www.gruppopdregionetoscana.it\/web\/wp-json\/wp\/v2\/media?parent=17884"}],"wp:term":[{"taxonomy":"category","embeddable":true,"href":"https:\/\/www.gruppopdregionetoscana.it\/web\/wp-json\/wp\/v2\/categories?post=17884"},{"taxonomy":"post_tag","embeddable":true,"href":"https:\/\/www.gruppopdregionetoscana.it\/web\/wp-json\/wp\/v2\/tags?post=17884"}],"curies":[{"name":"wp","href":"https:\/\/api.w.org\/{rel}","templated":true}]}}