{"id":18081,"date":"2019-01-31T17:51:26","date_gmt":"2019-01-31T16:51:26","guid":{"rendered":"http:\/\/www.gruppopdregionetoscana.it\/web\/?p=18081"},"modified":"2019-01-31T17:51:26","modified_gmt":"2019-01-31T16:51:26","slug":"carnevale-di-viareggio-presentazione-edizione-2019-soddisfazione-di-baccelli","status":"publish","type":"post","link":"https:\/\/www.gruppopdregionetoscana.it\/web\/carnevale-di-viareggio-presentazione-edizione-2019-soddisfazione-di-baccelli\/","title":{"rendered":"Carnevale di Viareggio, presentazione edizione 2019, soddisfazione di Baccelli"},"content":{"rendered":"<p><img loading=\"lazy\" decoding=\"async\" class=\"size-medium wp-image-18082 alignleft\" src=\"http:\/\/www.gruppopdregionetoscana.it\/web\/wp-content\/uploads\/2019\/01\/carnevale-viareggio-300x199.jpg\" alt=\"\" width=\"300\" height=\"199\" srcset=\"https:\/\/www.gruppopdregionetoscana.it\/web\/wp-content\/uploads\/2019\/01\/carnevale-viareggio-300x199.jpg 300w, https:\/\/www.gruppopdregionetoscana.it\/web\/wp-content\/uploads\/2019\/01\/carnevale-viareggio.jpg 1024w\" sizes=\"auto, (max-width: 300px) 100vw, 300px\" \/>\u201cUn\u2019edizione che si preannuncia ricca di sorprese e importanti iniziative. Un Carnevale ancora pi\u00f9 ricco e pi\u00f9 bello, che si confermer\u00e0 un vero e proprio fiore all\u2019occhiello del nostro territorio e della Toscana tutta. Non posso che complimentarmi con la Fondazione Carnevale\u00a0 per l\u2019ottimo lavoro svolto e con il Comune di Viareggio. Ci tengo a sottolineare come la Regione abbia fatto la sua parte ancora una volta reiterando anche quest\u2019anno il finanziamento di un milione di euro che come gruppo Pd in Consiglio regionale abbiamo sostenuto e votato, a differenza delle opposizioni\u201d.<\/p>\n<p>Cos\u00ec <strong>Stefano Baccelli<\/strong>, consigliere regionale Pd, presente oggi alla presentazione dell\u2019edizione 2019 del Carnevale di Viareggio.<\/p>\n","protected":false},"excerpt":{"rendered":"<p>\u201cUn\u2019edizione che si preannuncia ricca di sorprese e importanti iniziative. Un Carnevale ancora pi\u00f9 ricco e pi\u00f9 bello, che si confermer\u00e0 un vero e proprio fiore all\u2019occhiello del nostro territorio e della Toscana tutta. Non posso che complimentarmi con la Fondazione Carnevale\u00a0 per l\u2019ottimo lavoro svolto e con il Comune di Viareggio. Ci tengo a [&hellip;]<\/p>\n","protected":false},"author":1,"featured_media":18082,"comment_status":"closed","ping_status":"closed","sticky":false,"template":"","format":"standard","meta":{"_jetpack_memberships_contains_paid_content":false,"footnotes":""},"categories":[30,958],"tags":[],"class_list":{"0":"post-18081","1":"post","2":"type-post","3":"status-publish","4":"format-standard","5":"has-post-thumbnail","7":"category-comunicati-stampa","8":"category-stefano-baccelli","9":"czr-hentry"},"jetpack_featured_media_url":"https:\/\/www.gruppopdregionetoscana.it\/web\/wp-content\/uploads\/2019\/01\/carnevale-viareggio.jpg","jetpack_sharing_enabled":true,"_links":{"self":[{"href":"https:\/\/www.gruppopdregionetoscana.it\/web\/wp-json\/wp\/v2\/posts\/18081","targetHints":{"allow":["GET"]}}],"collection":[{"href":"https:\/\/www.gruppopdregionetoscana.it\/web\/wp-json\/wp\/v2\/posts"}],"about":[{"href":"https:\/\/www.gruppopdregionetoscana.it\/web\/wp-json\/wp\/v2\/types\/post"}],"author":[{"embeddable":true,"href":"https:\/\/www.gruppopdregionetoscana.it\/web\/wp-json\/wp\/v2\/users\/1"}],"replies":[{"embeddable":true,"href":"https:\/\/www.gruppopdregionetoscana.it\/web\/wp-json\/wp\/v2\/comments?post=18081"}],"version-history":[{"count":0,"href":"https:\/\/www.gruppopdregionetoscana.it\/web\/wp-json\/wp\/v2\/posts\/18081\/revisions"}],"wp:featuredmedia":[{"embeddable":true,"href":"https:\/\/www.gruppopdregionetoscana.it\/web\/wp-json\/wp\/v2\/media\/18082"}],"wp:attachment":[{"href":"https:\/\/www.gruppopdregionetoscana.it\/web\/wp-json\/wp\/v2\/media?parent=18081"}],"wp:term":[{"taxonomy":"category","embeddable":true,"href":"https:\/\/www.gruppopdregionetoscana.it\/web\/wp-json\/wp\/v2\/categories?post=18081"},{"taxonomy":"post_tag","embeddable":true,"href":"https:\/\/www.gruppopdregionetoscana.it\/web\/wp-json\/wp\/v2\/tags?post=18081"}],"curies":[{"name":"wp","href":"https:\/\/api.w.org\/{rel}","templated":true}]}}