{"id":18084,"date":"2019-02-01T16:06:34","date_gmt":"2019-02-01T15:06:34","guid":{"rendered":"http:\/\/www.gruppopdregionetoscana.it\/web\/?p=18084"},"modified":"2019-02-01T16:12:22","modified_gmt":"2019-02-01T15:12:22","slug":"azienda-cotto-pratigliolmi-di-faella-piandisco-la-regione-pronta-a-sostenere-eventuale-nuovo-piano-industriale-e-riattivera-tavolo-di-settore-sul-cotto","status":"publish","type":"post","link":"https:\/\/www.gruppopdregionetoscana.it\/web\/azienda-cotto-pratigliolmi-di-faella-piandisco-la-regione-pronta-a-sostenere-eventuale-nuovo-piano-industriale-e-riattivera-tavolo-di-settore-sul-cotto\/","title":{"rendered":"Azienda Cotto Pratigliolmi di Faella (Piandisc\u00f2), La Regione pronta a sostenere eventuale nuovo piano industriale e riattiver\u00e0 tavolo di settore sul Cotto."},"content":{"rendered":"<p><strong>Valentina Vadi illustra la nota di attuazione della giunta regionale alla mozione approvata all\u2019unanimit\u00e0 nel settembre scorso<\/strong><\/p>\n<p><img loading=\"lazy\" decoding=\"async\" class=\"alignleft size-medium wp-image-12912\" src=\"http:\/\/www.gruppopdregionetoscana.it\/web\/wp-content\/uploads\/2016\/05\/vadi-300x169.png\" alt=\"\" width=\"300\" height=\"169\" \/>La Regione Toscana continua a seguire molto da vicino la vicenda dell\u2019azienda Cotto Pratigliolmi di Faella, nel Comune di Piandisc\u00f2, che ha visto il licenziamento dei suoi 55 dipendenti.<br \/>\nNe da notizia Valentina Vadi, consigliera regionale del Pd, che rende pubblici i contenuti della \u201cnota di attuazione\u201d della giunta toscana di una mozione approvata qualche tempo fa dal Consiglio regionale.<br \/>\n\u201cQualora si definisse l&#8217;ingresso di un nuovo soggetto con un piano industriale attendibile e un programma occupazionale condiviso con i sindacati &#8211; si legge nella nota &#8211; la Regione sar\u00e0 pronta a mettere in campo tutti gli strumenti disponibili di sostegno alla ripartenza della azienda\u201d.<br \/>\nInoltre, la giunta regionale ha manifestato la sua intenzione di riattivare anche il tavolo di settore sul cotto per valutare ulteriori interventi di rilancio di un comparto produttivo che ha mostrato di recente forti elementi di sofferenza\u201d.<br \/>\nCome si ricorder\u00e0, il 16 gennaio scorso, era stato sottoscritto l\u2019accordo al Ministero del Lavoro per la concessione della Cigs (Cassa integrazione guadagni straordinaria) per cessazione di attivit\u00e0 che coinvolger\u00e0 l\u2019intero organico e assicurer\u00e0 una forma di tutela di reddito dei dipendenti per 12 mesi, contemporaneamente scongiurando qualsiasi licenziamento forzoso.<br \/>\n\u00abInsieme alla collega Serena Spinelli \u2013 spiega Valentina Vadi &#8211; fui firmataria di una mozione, approvata all\u2019unanimit\u00e0, &#8220;In merito alla annunciata chiusura dell&#8217;azienda Cotto Pratigliolmi di Faella nel Comune di Piandisc\u00f2, e al licenziamento dei 55 dipendenti&#8221;. Nell&#8217;intervento in aula, espressi la solidariet\u00e0 nei riguardi dei lavoratori della fornace di Faella che produce, dal 1961, cotto di qualit\u00e0 e pregio per pavimenti, sottotetto e coperture, chiedendo un impegno alla giunta regionale a seguire con la massima attenzione la vicenda e ad attivare tutte le iniziative necessarie, per quanto di propria competenza, e tutti gli strumenti possibili ai fini di scongiurare la chiusura dell&#8217;azienda ed il licenziamento dei lavoratori, anche favorendo possibili sinergie e l&#8217;eventuale ingresso di nuovi investimenti. Inoltre, chiedemmo di intervenire, con misure specifiche, per tutelare una produzione, quella del cotto, che ha una lunga tradizione nel territorio del Valdarno e Toscana, e che sta attraversando una fase di criticit\u00e0. Mi pare \u2013 commenta Vadi \u2013 che gli auspici contenuti nella mozione abbiano raggiunto gli obiettivi, cio\u00e8 di tenere alta l\u2019attenzione sulla crisi della Cotto Pratigliolmi e, in generale, sull\u2019intero settore. Continuer\u00f2 a seguire la vicenda molto da vicino \u2013 conclude la consigliera \u2013 e spero di poter dare quanto prima altre novit\u00e0 relative all\u2019impegno che la Regione sta producendo\u00bb.<\/p>\n","protected":false},"excerpt":{"rendered":"<p>Valentina Vadi illustra la nota di attuazione della giunta regionale alla mozione approvata all\u2019unanimit\u00e0 nel settembre scorso La Regione Toscana continua a seguire molto da vicino la vicenda dell\u2019azienda Cotto Pratigliolmi di Faella, nel Comune di Piandisc\u00f2, che ha visto il licenziamento dei suoi 55 dipendenti. Ne da notizia Valentina Vadi, consigliera regionale del Pd, [&hellip;]<\/p>\n","protected":false},"author":1,"featured_media":18086,"comment_status":"closed","ping_status":"closed","sticky":false,"template":"","format":"standard","meta":{"_jetpack_memberships_contains_paid_content":false,"footnotes":""},"categories":[30,974],"tags":[],"class_list":{"0":"post-18084","1":"post","2":"type-post","3":"status-publish","4":"format-standard","5":"has-post-thumbnail","7":"category-comunicati-stampa","8":"category-valentina-vadi","9":"czr-hentry"},"jetpack_featured_media_url":"https:\/\/www.gruppopdregionetoscana.it\/web\/wp-content\/uploads\/2019\/02\/cottop.jpg","jetpack_sharing_enabled":true,"_links":{"self":[{"href":"https:\/\/www.gruppopdregionetoscana.it\/web\/wp-json\/wp\/v2\/posts\/18084","targetHints":{"allow":["GET"]}}],"collection":[{"href":"https:\/\/www.gruppopdregionetoscana.it\/web\/wp-json\/wp\/v2\/posts"}],"about":[{"href":"https:\/\/www.gruppopdregionetoscana.it\/web\/wp-json\/wp\/v2\/types\/post"}],"author":[{"embeddable":true,"href":"https:\/\/www.gruppopdregionetoscana.it\/web\/wp-json\/wp\/v2\/users\/1"}],"replies":[{"embeddable":true,"href":"https:\/\/www.gruppopdregionetoscana.it\/web\/wp-json\/wp\/v2\/comments?post=18084"}],"version-history":[{"count":0,"href":"https:\/\/www.gruppopdregionetoscana.it\/web\/wp-json\/wp\/v2\/posts\/18084\/revisions"}],"wp:featuredmedia":[{"embeddable":true,"href":"https:\/\/www.gruppopdregionetoscana.it\/web\/wp-json\/wp\/v2\/media\/18086"}],"wp:attachment":[{"href":"https:\/\/www.gruppopdregionetoscana.it\/web\/wp-json\/wp\/v2\/media?parent=18084"}],"wp:term":[{"taxonomy":"category","embeddable":true,"href":"https:\/\/www.gruppopdregionetoscana.it\/web\/wp-json\/wp\/v2\/categories?post=18084"},{"taxonomy":"post_tag","embeddable":true,"href":"https:\/\/www.gruppopdregionetoscana.it\/web\/wp-json\/wp\/v2\/tags?post=18084"}],"curies":[{"name":"wp","href":"https:\/\/api.w.org\/{rel}","templated":true}]}}