{"id":18090,"date":"2019-02-05T13:23:55","date_gmt":"2019-02-05T12:23:55","guid":{"rendered":"http:\/\/www.gruppopdregionetoscana.it\/web\/?p=18090"},"modified":"2019-02-05T13:38:55","modified_gmt":"2019-02-05T12:38:55","slug":"fondazione-zini-no-della-regione-la-soddisfazione-di-nicola-ciolini-ed-enrico-sostegni-ascoltate-le-ragioni-del-consiglio-regionale-e-delle-comunita-locali","status":"publish","type":"post","link":"https:\/\/www.gruppopdregionetoscana.it\/web\/fondazione-zini-no-della-regione-la-soddisfazione-di-nicola-ciolini-ed-enrico-sostegni-ascoltate-le-ragioni-del-consiglio-regionale-e-delle-comunita-locali\/","title":{"rendered":"Fondazione Zini, No della Regione, La soddisfazione di Nicola Ciolini ed Enrico Sostegni: \u201cAscoltate le ragioni del Consiglio regionale e delle comunit\u00e0 locali\u201d"},"content":{"rendered":"<p><img loading=\"lazy\" decoding=\"async\" class=\"alignleft size-medium wp-image-11255\" src=\"http:\/\/www.gruppopdregionetoscana.it\/web\/wp-content\/uploads\/2015\/11\/nicola-300x229.jpg\" alt=\"\" width=\"300\" height=\"229\" srcset=\"https:\/\/www.gruppopdregionetoscana.it\/web\/wp-content\/uploads\/2015\/11\/nicola-300x229.jpg 300w, https:\/\/www.gruppopdregionetoscana.it\/web\/wp-content\/uploads\/2015\/11\/nicola-180x138.jpg 180w, https:\/\/www.gruppopdregionetoscana.it\/web\/wp-content\/uploads\/2015\/11\/nicola.jpg 595w\" sizes=\"auto, (max-width: 300px) 100vw, 300px\" \/><\/p>\n<p><img loading=\"lazy\" decoding=\"async\" class=\"alignleft wp-image-10516\" src=\"http:\/\/www.gruppopdregionetoscana.it\/web\/wp-content\/uploads\/2015\/09\/sostegni-300x242.jpg\" alt=\"\" width=\"280\" height=\"227\" srcset=\"https:\/\/www.gruppopdregionetoscana.it\/web\/wp-content\/uploads\/2015\/09\/sostegni-300x242.jpg 300w, https:\/\/www.gruppopdregionetoscana.it\/web\/wp-content\/uploads\/2015\/09\/sostegni.jpg 900w\" sizes=\"auto, (max-width: 280px) 100vw, 280px\" \/>\u00abSiamo davvero soddisfatti per questa decisione, che va esattamente nella direzione che avevamo indicato anche con un voto all\u2019unanimit\u00e0 del Consiglio regionale. Le parole sono importanti e, nel caso del nome di una fondazione, l\u2019intitolazione a una persona che si \u00e8 macchiata del crimine orrendo del femminicidio, ci\u00f2 lo \u00e8 ancora di pi\u00f9\u00bb.<\/p>\n<p>Lo dicono <strong>Nicola Ciolini<\/strong> ed <strong>Enrico Sostegni<\/strong>, consiglieri regionali del Pd, commentando il decreto dirigenziale della Regione Toscana che ha deciso \u201cdi non far luogo all\u2019iscrizione della Fondazione \u201cFederico Zini\u201d con sede in San Miniato (PI) nel registro regionale delle persone giuridiche\u201d.<\/p>\n<p>\u00abNelle motivazioni espresse in questo atto \u2013 spiegano i consiglieri \u2013 ci sono proprio le riflessioni che avevamo fatto chiamando l\u2019Assemblea regionale ad esprimersi sulla tragica vicenda di Elisa Amato. Esprimevamo infatti ferma contrariet\u00e0 alla decisione di intitolare una Fondazione che ha tra i propri obiettivi anche il contrasto alla\u00a0 violenza di genere con il nome di un ragazzo che ha commesso tale delitto, perch\u00e9 pur rispettando il dolore delle famiglie coinvolte, bisognava evitare di lanciare messaggi ambigui rispetto alle diverse responsabilit\u00e0 dei soggetti protagonisti del tragico evento\u00bb.<\/p>\n<p>Nel decreto dirigenziale, infatti, si legge: \u201cLa finalit\u00e0 propria della fondazione (circa il contrasto alla violenza di genere), pur essendo oggettivamente meritevole di tutela giuridica, rimane tuttavia collegata all\u2019intitolazione personale della denominazione che la identifica. Tale denominazione \u2013 nel sollevare evidenti sentimenti di sdegno \u2013 finisce per offuscarne gli scopi e, ingenerando confusione, reca pregiudizio all\u2019effettiva portata operativa della Fondazione\u201d.<\/p>\n<p>\u00abUn altro passaggio importante di questa decisione \u2013 spiegano ancora Ciolini e Sostegni \u2013 \u00e8 il richiamo alle prese di posizione delle istituzioni: dal Consiglio regionale della Toscana, ai Consigli comunali di Prato, di San Miniato, Montopoli in val d\u2019Arno, di Montemurlo e di Vaiano. E la conseguente motivazione circa \u201cla decisa avversione espressa dalle comunit\u00e0 locali citate mette in evidenza le difficolt\u00e0 cui la Fondazione andrebbe incontro nel raccogliere fondi per le proprie iniziative, nell\u2019integrarsi nel tessuto sociale e nel creare le indispensabili sinergie con altri soggetti pubblici e privati\u201d. Crediamo \u2013 concludono \u2013 che la Regione, attraverso questa decisione, abbia perfettamente interpretato il sentire comune di cittadini ed istituzioni, soprattutto per quanto riguarda \u201cil sentimento di condanna verso l&#8217;intitolazione di una fondazione all&#8217;autore di un gravissimo delitto contro una donna, anche per il significato ambiguo sotteso all&#8217;iniziativa, che punta a giustificare o a riabilitare chi ha commesso un femminicidio\u201d\u00bb.<\/p>\n","protected":false},"excerpt":{"rendered":"<p>\u00abSiamo davvero soddisfatti per questa decisione, che va esattamente nella direzione che avevamo indicato anche con un voto all\u2019unanimit\u00e0 del Consiglio regionale. Le parole sono importanti e, nel caso del nome di una fondazione, l\u2019intitolazione a una persona che si \u00e8 macchiata del crimine orrendo del femminicidio, ci\u00f2 lo \u00e8 ancora di pi\u00f9\u00bb. Lo dicono [&hellip;]<\/p>\n","protected":false},"author":1,"featured_media":18091,"comment_status":"closed","ping_status":"closed","sticky":false,"template":"","format":"standard","meta":{"_jetpack_memberships_contains_paid_content":false,"footnotes":""},"categories":[30,972,963],"tags":[],"class_list":{"0":"post-18090","1":"post","2":"type-post","3":"status-publish","4":"format-standard","5":"has-post-thumbnail","7":"category-comunicati-stampa","8":"category-enrico-sostegni","9":"category-nicola-ciolini","10":"czr-hentry"},"jetpack_featured_media_url":"https:\/\/www.gruppopdregionetoscana.it\/web\/wp-content\/uploads\/2019\/02\/elisaamatofunerali.jpg","jetpack_sharing_enabled":true,"_links":{"self":[{"href":"https:\/\/www.gruppopdregionetoscana.it\/web\/wp-json\/wp\/v2\/posts\/18090","targetHints":{"allow":["GET"]}}],"collection":[{"href":"https:\/\/www.gruppopdregionetoscana.it\/web\/wp-json\/wp\/v2\/posts"}],"about":[{"href":"https:\/\/www.gruppopdregionetoscana.it\/web\/wp-json\/wp\/v2\/types\/post"}],"author":[{"embeddable":true,"href":"https:\/\/www.gruppopdregionetoscana.it\/web\/wp-json\/wp\/v2\/users\/1"}],"replies":[{"embeddable":true,"href":"https:\/\/www.gruppopdregionetoscana.it\/web\/wp-json\/wp\/v2\/comments?post=18090"}],"version-history":[{"count":0,"href":"https:\/\/www.gruppopdregionetoscana.it\/web\/wp-json\/wp\/v2\/posts\/18090\/revisions"}],"wp:featuredmedia":[{"embeddable":true,"href":"https:\/\/www.gruppopdregionetoscana.it\/web\/wp-json\/wp\/v2\/media\/18091"}],"wp:attachment":[{"href":"https:\/\/www.gruppopdregionetoscana.it\/web\/wp-json\/wp\/v2\/media?parent=18090"}],"wp:term":[{"taxonomy":"category","embeddable":true,"href":"https:\/\/www.gruppopdregionetoscana.it\/web\/wp-json\/wp\/v2\/categories?post=18090"},{"taxonomy":"post_tag","embeddable":true,"href":"https:\/\/www.gruppopdregionetoscana.it\/web\/wp-json\/wp\/v2\/tags?post=18090"}],"curies":[{"name":"wp","href":"https:\/\/api.w.org\/{rel}","templated":true}]}}