{"id":18096,"date":"2019-02-05T14:34:26","date_gmt":"2019-02-05T13:34:26","guid":{"rendered":"http:\/\/www.gruppopdregionetoscana.it\/web\/?p=18096"},"modified":"2019-02-05T14:34:26","modified_gmt":"2019-02-05T13:34:26","slug":"rocca-di-ripafratta-approvata-la-mozione-per-la-salvaguardia-mazzeo-nardini-pieroni-pd-patrimonio-da-difendere-si-valuti-lacquisto-pubblico-per-garantire-recupero-e-valorizza","status":"publish","type":"post","link":"https:\/\/www.gruppopdregionetoscana.it\/web\/rocca-di-ripafratta-approvata-la-mozione-per-la-salvaguardia-mazzeo-nardini-pieroni-pd-patrimonio-da-difendere-si-valuti-lacquisto-pubblico-per-garantire-recupero-e-valorizza\/","title":{"rendered":"Rocca di Ripafratta, approvata la mozione per la salvaguardia. Mazzeo, Nardini, Pieroni (Pd): \u201cPatrimonio da difendere, si valuti l\u2019acquisto pubblico per garantire recupero e valorizzazione\u201d"},"content":{"rendered":"<p>La mozione, approvata questa mattina dalla commissione Cultura del Consiglio regionale, impegna la giunta a promuovere un confronto tra i diversi soggetti pubblici interessati e la propriet\u00e0 sul progetto di recupero e valorizzazione della Rocca di Ripafratta nel Comune di San Giuliano terme e contestualmente a valutare la possibilit\u00e0 di individuare risorse da destinarsi all\u2019acquisizione pubblica della struttura.<\/p>\n<p>\u201cBene l\u2019approvazione della mozione, ringraziamo i colleghi che hanno scelto di condividere la nostra sollecitazione alla giunta regionale, adesso avanti secondo gli indirizzi tracciati \u2013 spiegano i consiglieri regionali <strong>Antonio Mazzeo<\/strong>, primo firmatario dell\u2019atto, <strong>Alessandra Nardini<\/strong> e <strong>Andrea Pieroni<\/strong> \u2013. Chiediamo che sia aperto un confronto con il Comune di San Giuliano Terme, il mondo accademico pisano, fondazioni e associazioni culturali e la propriet\u00e0, sul progetto di recupero della Rocca e sulla possibilit\u00e0 di reperire le necessarie risorse per l\u2019acquisto interessando, al contempo anche il Ministero competente\u201d.<\/p>\n<p>\u201cIl patrimonio culturale racchiude la nostra storia, un magnifico insieme di beni artistici, archeologici, bibliografici che racconta ci\u00f2 che siamo stati e porta in s\u00e9 un immenso valore che arricchisce l\u2019offerta turistica dei territori un po\u2019 in tutta la Toscana. La Rocca di Ripafratta \u00e8 uno di questi beni Oggi di propriet\u00e0 privata, nel corso dei secoli ha assunto funzioni diverse rimanendo per\u00f2 sempre punto di riferimento nel sistema fortificato che si intreccia tra le province di Pisa e Lucca. Abbiamo deciso di raccogliere le sollecitazioni locali e portarle all\u2019attenzione della giunta regionale affinch\u00e9 siano messe in campo tutte le azioni necessarie al recupero e alla valorizzazione della struttura in linea con le normative regionali e nazionali sulla conservazione dei beni culturali e paesaggistici\u201d.<\/p>\n","protected":false},"excerpt":{"rendered":"<p>La mozione, approvata questa mattina dalla commissione Cultura del Consiglio regionale, impegna la giunta a promuovere un confronto tra i diversi soggetti pubblici interessati e la propriet\u00e0 sul progetto di recupero e valorizzazione della Rocca di Ripafratta nel Comune di San Giuliano terme e contestualmente a valutare la possibilit\u00e0 di individuare risorse da destinarsi all\u2019acquisizione [&hellip;]<\/p>\n","protected":false},"author":1,"featured_media":18097,"comment_status":"closed","ping_status":"closed","sticky":false,"template":"","format":"standard","meta":{"_jetpack_memberships_contains_paid_content":false,"footnotes":""},"categories":[968,970,966,30],"tags":[],"class_list":{"0":"post-18096","1":"post","2":"type-post","3":"status-publish","4":"format-standard","5":"has-post-thumbnail","7":"category-alessandra-nardini","8":"category-andrea-pieroni","9":"category-antonio-mazzeo","10":"category-comunicati-stampa","11":"czr-hentry"},"jetpack_featured_media_url":"https:\/\/www.gruppopdregionetoscana.it\/web\/wp-content\/uploads\/2019\/02\/rocca-di-ripafratta.jpg","jetpack_sharing_enabled":true,"_links":{"self":[{"href":"https:\/\/www.gruppopdregionetoscana.it\/web\/wp-json\/wp\/v2\/posts\/18096","targetHints":{"allow":["GET"]}}],"collection":[{"href":"https:\/\/www.gruppopdregionetoscana.it\/web\/wp-json\/wp\/v2\/posts"}],"about":[{"href":"https:\/\/www.gruppopdregionetoscana.it\/web\/wp-json\/wp\/v2\/types\/post"}],"author":[{"embeddable":true,"href":"https:\/\/www.gruppopdregionetoscana.it\/web\/wp-json\/wp\/v2\/users\/1"}],"replies":[{"embeddable":true,"href":"https:\/\/www.gruppopdregionetoscana.it\/web\/wp-json\/wp\/v2\/comments?post=18096"}],"version-history":[{"count":0,"href":"https:\/\/www.gruppopdregionetoscana.it\/web\/wp-json\/wp\/v2\/posts\/18096\/revisions"}],"wp:featuredmedia":[{"embeddable":true,"href":"https:\/\/www.gruppopdregionetoscana.it\/web\/wp-json\/wp\/v2\/media\/18097"}],"wp:attachment":[{"href":"https:\/\/www.gruppopdregionetoscana.it\/web\/wp-json\/wp\/v2\/media?parent=18096"}],"wp:term":[{"taxonomy":"category","embeddable":true,"href":"https:\/\/www.gruppopdregionetoscana.it\/web\/wp-json\/wp\/v2\/categories?post=18096"},{"taxonomy":"post_tag","embeddable":true,"href":"https:\/\/www.gruppopdregionetoscana.it\/web\/wp-json\/wp\/v2\/tags?post=18096"}],"curies":[{"name":"wp","href":"https:\/\/api.w.org\/{rel}","templated":true}]}}