{"id":18105,"date":"2019-02-05T18:25:21","date_gmt":"2019-02-05T17:25:21","guid":{"rendered":"http:\/\/www.gruppopdregionetoscana.it\/web\/?p=18105"},"modified":"2019-02-07T13:11:51","modified_gmt":"2019-02-07T12:11:51","slug":"beni-confiscati-tenuta-suvignano-consegnata-a-ente-terre-toscana-bezzini-e-scaramellipd-ha-vinto-la-legalita","status":"publish","type":"post","link":"https:\/\/www.gruppopdregionetoscana.it\/web\/beni-confiscati-tenuta-suvignano-consegnata-a-ente-terre-toscana-bezzini-e-scaramellipd-ha-vinto-la-legalita\/","title":{"rendered":"Beni confiscati, tenuta  Suvignano consegnata a Ente Terre Toscana. Bezzini e Scaramelli(Pd): \u201cHa vinto la legalit\u00e0\u201d"},"content":{"rendered":"<p><img loading=\"lazy\" decoding=\"async\" class=\"size-medium wp-image-18106 alignleft\" src=\"http:\/\/www.gruppopdregionetoscana.it\/web\/wp-content\/uploads\/2019\/02\/Fattoria-di-Suvignano-683-300x142.jpg\" alt=\"\" width=\"300\" height=\"142\" srcset=\"https:\/\/www.gruppopdregionetoscana.it\/web\/wp-content\/uploads\/2019\/02\/Fattoria-di-Suvignano-683-300x142.jpg 300w, https:\/\/www.gruppopdregionetoscana.it\/web\/wp-content\/uploads\/2019\/02\/Fattoria-di-Suvignano-683.jpg 683w\" sizes=\"auto, (max-width: 300px) 100vw, 300px\" \/>Da oggi Suvignano \u00e8 propriet\u00e0 della Regione Toscana, che gestir\u00e0 il bene tramite Ente Terre concordando l\u2019utilizzo con i comuni di Monteroni d\u2019Arbia e Murlo. Tutti i soggetti interessati hanno infatti firmato gli atti per il passaggio di propriet\u00e0 \u00a0\u201cDopo 11 anni dalla confisca finalmente una comunit\u00e0 intera si riappropria del territorio: oggi ha vinto la legalit\u00e0\u2013 spiegano Simone Bezzini e Stefano Scaramelli, consiglieri regionali Pd del territorio senese\u00a0 &#8211; Quella di oggi \u00e8 anche una grande opportunit\u00e0 di rilancio per una terra straordinaria che finalmente potr\u00e0 essere valorizzata come merita grazie al lavoro che la Regione porter\u00e0 avanti di concerto con i comuni\u201d.<\/p>\n<p>&nbsp;<\/p>\n<p>\u201cProprio i comuni di Monteroni d\u2019Arbia e Murlo infatti saranno protagonisti del futuro della tenuta, dal momento che costituiranno il tavolo di coordinamento che per i prossimi dieci anni dovr\u00e0 stabilire linee guida e strategie del piano di sviluppo. \u2013 sottolineano Bezzini e Scaramelli \u2013 La cessione del bene alla Regione, attesa da tempo, rappresenta sicuramente una svolta positiva per il territorio, anche in termini di ricadute occupazionali\u201d.<\/p>\n<p>&nbsp;<\/p>\n","protected":false},"excerpt":{"rendered":"<p>Da oggi Suvignano \u00e8 propriet\u00e0 della Regione Toscana, che gestir\u00e0 il bene tramite Ente Terre concordando l\u2019utilizzo con i comuni di Monteroni d\u2019Arbia e Murlo. Tutti i soggetti interessati hanno infatti firmato gli atti per il passaggio di propriet\u00e0 \u00a0\u201cDopo 11 anni dalla confisca finalmente una comunit\u00e0 intera si riappropria del territorio: oggi ha vinto [&hellip;]<\/p>\n","protected":false},"author":1,"featured_media":18106,"comment_status":"closed","ping_status":"closed","sticky":false,"template":"","format":"standard","meta":{"_jetpack_memberships_contains_paid_content":false,"footnotes":""},"categories":[30,956,971],"tags":[],"class_list":{"0":"post-18105","1":"post","2":"type-post","3":"status-publish","4":"format-standard","5":"has-post-thumbnail","7":"category-comunicati-stampa","8":"category-simone-bezzini","9":"category-stefano-scaramelli","10":"czr-hentry"},"jetpack_featured_media_url":"https:\/\/www.gruppopdregionetoscana.it\/web\/wp-content\/uploads\/2019\/02\/Fattoria-di-Suvignano-683.jpg","jetpack_sharing_enabled":true,"_links":{"self":[{"href":"https:\/\/www.gruppopdregionetoscana.it\/web\/wp-json\/wp\/v2\/posts\/18105","targetHints":{"allow":["GET"]}}],"collection":[{"href":"https:\/\/www.gruppopdregionetoscana.it\/web\/wp-json\/wp\/v2\/posts"}],"about":[{"href":"https:\/\/www.gruppopdregionetoscana.it\/web\/wp-json\/wp\/v2\/types\/post"}],"author":[{"embeddable":true,"href":"https:\/\/www.gruppopdregionetoscana.it\/web\/wp-json\/wp\/v2\/users\/1"}],"replies":[{"embeddable":true,"href":"https:\/\/www.gruppopdregionetoscana.it\/web\/wp-json\/wp\/v2\/comments?post=18105"}],"version-history":[{"count":0,"href":"https:\/\/www.gruppopdregionetoscana.it\/web\/wp-json\/wp\/v2\/posts\/18105\/revisions"}],"wp:featuredmedia":[{"embeddable":true,"href":"https:\/\/www.gruppopdregionetoscana.it\/web\/wp-json\/wp\/v2\/media\/18106"}],"wp:attachment":[{"href":"https:\/\/www.gruppopdregionetoscana.it\/web\/wp-json\/wp\/v2\/media?parent=18105"}],"wp:term":[{"taxonomy":"category","embeddable":true,"href":"https:\/\/www.gruppopdregionetoscana.it\/web\/wp-json\/wp\/v2\/categories?post=18105"},{"taxonomy":"post_tag","embeddable":true,"href":"https:\/\/www.gruppopdregionetoscana.it\/web\/wp-json\/wp\/v2\/tags?post=18105"}],"curies":[{"name":"wp","href":"https:\/\/api.w.org\/{rel}","templated":true}]}}