{"id":18110,"date":"2019-02-07T11:57:23","date_gmt":"2019-02-07T10:57:23","guid":{"rendered":"http:\/\/www.gruppopdregionetoscana.it\/web\/?p=18110"},"modified":"2019-02-07T11:57:23","modified_gmt":"2019-02-07T10:57:23","slug":"regione-nuovo-codice-del-commercio-confronto-partecipato-a-lucca","status":"publish","type":"post","link":"https:\/\/www.gruppopdregionetoscana.it\/web\/regione-nuovo-codice-del-commercio-confronto-partecipato-a-lucca\/","title":{"rendered":"Regione, nuovo Codice del commercio, confronto partecipato a Lucca"},"content":{"rendered":"<p style=\"text-align: center;\"><strong><img loading=\"lazy\" decoding=\"async\" class=\"size-medium wp-image-18111 alignleft\" src=\"http:\/\/www.gruppopdregionetoscana.it\/web\/wp-content\/uploads\/2019\/02\/commercioLucca1-300x225.jpeg\" alt=\"\" width=\"300\" height=\"225\" srcset=\"https:\/\/www.gruppopdregionetoscana.it\/web\/wp-content\/uploads\/2019\/02\/commercioLucca1-300x225.jpeg 300w, https:\/\/www.gruppopdregionetoscana.it\/web\/wp-content\/uploads\/2019\/02\/commercioLucca1-1024x768.jpeg 1024w, https:\/\/www.gruppopdregionetoscana.it\/web\/wp-content\/uploads\/2019\/02\/commercioLucca1.jpeg 1600w\" sizes=\"auto, (max-width: 300px) 100vw, 300px\" \/>Baccelli: \u201cSostegno al commercio per valorizzare identit\u00e0 e peculiarit\u00e0 delle nostre citt\u00e0 e del nostro territorio\u201d<\/strong><\/p>\n<p style=\"text-align: center;\"><strong>Anselmi: \u201cDai grandi centri alle aree marginali: riforma come leva per lo sviluppo, risultato di approfondimento e confronto\u201d<\/strong><\/p>\n<p style=\"text-align: center;\"><strong>Ciuoffo: \u201cToscana ruolo guida nella regolamentazione dell&#8217;esercizio dell&#8217;attivit\u00e0 commerciale\u201d<\/strong><\/p>\n<p style=\"text-align: center;\">\n<p style=\"text-align: center;\"><em>Gli interventi dei consiglieri regionali Pd e dell\u2019assessore all\u2019iniziativa di ieri pomeriggio nella sede della Camera di Commercio di Lucca<\/em><\/p>\n<p>&nbsp;<\/p>\n<p>Qualificazione e valorizzazione dei luoghi del commercio, semplificazione burocratica, obbligo di applicazione dei contratti collettivi di lavoro nazionali, disciplina della somministrazione di alimenti e bevande, definizione delle sagre come manifestazioni per la promozione delle tradizioni enogastronomiche regionali e dei prodotti alimentari tipici, apposita disciplina per il commercio su area pubblica, promozione dei centri commerciali naturali. Sono solo alcuni dei tanti punti compresi nel nuovo <strong><em>Codice del commercio della Regione Toscana<\/em><\/strong>, che riorganizza tutta la normativa in materia in una disciplina organica e completa. Ne hanno discusso ieri mercoled\u00ec 6 febbraio alla Camera di commercio di Lucca in un incontro animato e partecipato <strong>Stefano Baccelli, <\/strong>presidente commissione Ambiente, mobilit\u00e0 e infrastrutture Consiglio regionale, <strong>Stefano Ciuoffo, <\/strong>assessore Attivit\u00e0 produttive e Commercio Regione Toscana<strong>, Gianni Anselmi<\/strong>, presidente commissione Sviluppo economico Consiglio regionale, <strong>Alessandro Tambellini, <\/strong>sindaco di Lucca<strong>, Giorgio Bartoli, <\/strong>presidente Camera di Commercio di Lucca<strong>, Ademaro Cordoni, <\/strong>presidente Confcommercio provincia di Lucca e Massa Carrara<strong>, Alessio Lucarotti, <\/strong>presidente Confesercenti Toscana Nord. Diversi gli interventi di operatori del settore, interessati a confrontarsi sulle novit\u00e0 e le opportunit\u00e0 della legge.<\/p>\n<p>&nbsp;<\/p>\n<p>\u201c\u00c8 il segno di un\u2019attenzione meritata per un provvedimento che si \u00e8 posto l\u2019obiettivo di aggiornare e rendere compiuta la normativa relativa a un settore cruciale, con un metodo legislativo e di governo decisamente efficace, quello della concertazione tra tutti gli attori coinvolti. \u2013 ha fatto presente <strong>Stefano Baccelli <\/strong>\u2013 Ci tengo a sottolineare l\u2019attenzione per il commercio al dettaglio, per tutte quelle attivit\u00e0 che contraddistinguono il tessuto economico e sociale delle nostre citt\u00e0. Finalmente la normativa delinea in modo chiaro percorsi di promozione e sostegno della rete commerciale in aree comunali o di particolare interesse per valore e pregio o, viceversa, per fragilit\u00e0 commerciale o degrado urbano. Percorsi in cui anche i comuni, di concerto con la Regione, rivestono un ruolo cruciale: hanno infatti la possibilit\u00e0 di intervenire in modo concreto, realizzando percorsi di rigenerazione urbana o di riqualificazione della rete commerciale, cos\u00ec come con esenzioni o riduzioni dei costi dei servizi e della fiscalit\u00e0. Un modo insomma per un commercio vivo, vissuto, che svolga il ruolo propulsivo e determinante che da sempre riveste nelle comunit\u00e0, grandi o piccole che siano. Si inserisce in questo percorso anche la risoluzione che ho proposto e che \u00e8 stata approvata in Consiglio regionale, poi ben recepita dall\u2019amministrazione di Lucca, per tutelare i centri storici anche non Unesco e evitare il proliferare di attivit\u00e0 non in linea con quella che \u00e8 la loro storia e cultura, per non snaturare le nostre citt\u00e0 e evitare in tutti i modi la logica del \u2018mangia bevi dormi\u2019 che troppo spesso rischia di soffocare i centri turistici del nostro paese. Dalle sagre ai temporary store: finalmente la normativa mette mano a situazioni che ancora andavano regolate con chiarezza in modo da poterle far funzionare al meglio. Una normativa completa insomma che nasce dall\u2019ascolto e dal confronto, elementi che mai devono mancare nell\u2019azione di governo\u201d.<\/p>\n<p>&nbsp;<\/p>\n<p>Per <strong>Gianni Anselmi<\/strong> si tratta di un testo \u201cfrutto di un approfondito lavoro svolto in commissione a partire da un impianto gi\u00e0 molto buono e largamente misurato e condiviso con il tessuto sociale come quello arrivato dalla Giunta regionale, un metodo che sta dimostrando buoni risultati: non \u00e8 un caso infatti che in queste giornate di confronto e approfondimento che stiamo realizzando sul territorio regionale riscontriamo sempre un apprezzamento forte e trasversale sul provvedimento\u201d. \u201cL\u2019obiettivo che ci siamo posti \u00e8 stato quello di mettere a disposizione dei territori regionali una normativa consistente e affidabile, per collocare la Toscana in una posizione non di retroguardia in materia di governo delle attivit\u00e0 commerciali. \u2013 prosegue Anselmi &#8211; La migliore dimostrazione della qualit\u00e0 del nuovo testo legislativo\u00a0 \u00e8 comunque ci\u00f2 che induce all\u2019interno della societ\u00e0: lavoro, qualit\u00e0, opportunit\u00e0 per le imprese, tutela per i lavoratori ed equilibrio dei luoghi dove il commercio si fa e dove le persone ne fruiscono. Parliamo di un settore determinante per l\u2019economia della Toscana cos\u00ec come per la tenuta sociale dei territori, per il suo ruolo di \u2018presidio\u2019 in aree pi\u00f9 marginali cos\u00ec come per la qualificazione dei grandi centri, caratterizzati dalla presenza delle pi\u00f9 svariate attivit\u00e0. Per questo abbiamo approcciato la materia nel senso pi\u00f9 ampio possibile, andando a fornire finalmente regole certe dove finora erano vacanti, penso ai temporary store che per la prima volta grazie a questo nuovo codice sono stati normati. La legge contiene poi innovazioni riguardo la governance concertativa che viene affrontata in maniera esplicita rispetto al passato; ai centri di assistenza tecnica; ai limiti dimensionali per il commercio in sede fissa e le grandi strutture di vendita. Infine, questa legge prevede regole anche per le sagre che finalmente vengono disciplinate con l\u2019obiettivo di garantire equilibrio con le attivit\u00e0 presenti\u201d.<\/p>\n<p>&nbsp;<\/p>\n<p>L\u2019assessore <strong>Stefano Ciuoffo<\/strong> illustrando il lavoro che ha portato all\u2019elaborazione del nuovo testo di legge, che consta di ben 133 articoli, ha sottolineato come \u201cl\u2019articolo pi\u00f9 importante \u00e8 quello non scritto: il metodo. Noi come Giunta prima e il Consiglio poi abbiamo lavorato a stretto contatto con chi tutti i giorni lavora e opera nel mondo che andavamo a normare, che \u00e8 cos\u00ec variegato e pieno di situazioni che inevitabilmente avrebbe impattato sul nostro tessuto economico. La vita delle nostre citt\u00e0 e dei nostri borghi \u00e8 fatta di quelle botteghe che lungo le strade quell\u2019esercito silenzioso che tutti i giorni tira su il bandone\u00a0 e accende l\u2019insegna tra mille difficolt\u00e0: ecco, non spegniamo quelle luci, vogliamo incoraggiare e sostenere chi apre un\u2019attivit\u00e0 e con esperienze come Popo Up o i bandi per i Centri Commerciali Naturali con la volont\u00e0 di rivitalizzare quelli che soffrono situazioni di degrado prevedendo la possibilit\u00e0 di esenzioni o riduzioni dei costi dei servizi e della fiscalit\u00e0\u201d. \u201cAbbiamo eccellenze e botteghe storiche che danno un tratto distintivo alle nostre comunit\u00e0 che vanno tutelate. \u2013 prosegue Ciuoffo &#8211; Il commercio, insieme ad altre attivit\u00e0 collettive \u00e8 l&#8217;anima dei nostri centri storici e dei nostri borghi, che altrimenti perderebbero la loro natura, \u00e8 un valore identitario delle nostre citt\u00e0 e quindi, della Toscana. La Toscana vuole mantenere il suo ruolo di guida nella regolamentazione dell&#8217;esercizio dell&#8217;attivit\u00e0 commerciale, lo abbiamo fatto in passato e cerchiamo di farlo ancora meglio con questo nuovo Codice e lo stiamo raccontando nei territori nel ciclo di incontri organizzati con le categorie e le amministrazioni comunali per spiegarne le novit\u00e0 e le opportunit\u00e0 per tutti. Abbiamo ad esempio messo mano alla questione delle sagre che da tempo ci veniva sollecitato da pi\u00f9 parti e quello dei temporary store, normandoli in modo che si potesse trovare il giusto equilibrio in un contesto di parit\u00e0 di condizioni di libero mercato. Penso alla possibilit\u00e0 da parte dei Comuni di indicare regole precise per la vendita di alcolici in orari definiti, o alla distribuzione di carburanti\u201d.<\/p>\n<p>&nbsp;<\/p>\n<p><em>In allegato foto dell\u2019iniziativa.<\/em><\/p>\n","protected":false},"excerpt":{"rendered":"<p>Baccelli: \u201cSostegno al commercio per valorizzare identit\u00e0 e peculiarit\u00e0 delle nostre citt\u00e0 e del nostro territorio\u201d Anselmi: \u201cDai grandi centri alle aree marginali: riforma come leva per lo sviluppo, risultato di approfondimento e confronto\u201d Ciuoffo: \u201cToscana ruolo guida nella regolamentazione dell&#8217;esercizio dell&#8217;attivit\u00e0 commerciale\u201d Gli interventi dei consiglieri regionali Pd e dell\u2019assessore all\u2019iniziativa di ieri pomeriggio [&hellip;]<\/p>\n","protected":false},"author":1,"featured_media":18111,"comment_status":"closed","ping_status":"closed","sticky":false,"template":"","format":"standard","meta":{"_jetpack_memberships_contains_paid_content":false,"footnotes":""},"categories":[30,957,958],"tags":[],"class_list":{"0":"post-18110","1":"post","2":"type-post","3":"status-publish","4":"format-standard","5":"has-post-thumbnail","7":"category-comunicati-stampa","8":"category-gianni-anselmi","9":"category-stefano-baccelli","10":"czr-hentry"},"jetpack_featured_media_url":"https:\/\/www.gruppopdregionetoscana.it\/web\/wp-content\/uploads\/2019\/02\/commercioLucca1.jpeg","jetpack_sharing_enabled":true,"_links":{"self":[{"href":"https:\/\/www.gruppopdregionetoscana.it\/web\/wp-json\/wp\/v2\/posts\/18110","targetHints":{"allow":["GET"]}}],"collection":[{"href":"https:\/\/www.gruppopdregionetoscana.it\/web\/wp-json\/wp\/v2\/posts"}],"about":[{"href":"https:\/\/www.gruppopdregionetoscana.it\/web\/wp-json\/wp\/v2\/types\/post"}],"author":[{"embeddable":true,"href":"https:\/\/www.gruppopdregionetoscana.it\/web\/wp-json\/wp\/v2\/users\/1"}],"replies":[{"embeddable":true,"href":"https:\/\/www.gruppopdregionetoscana.it\/web\/wp-json\/wp\/v2\/comments?post=18110"}],"version-history":[{"count":0,"href":"https:\/\/www.gruppopdregionetoscana.it\/web\/wp-json\/wp\/v2\/posts\/18110\/revisions"}],"wp:featuredmedia":[{"embeddable":true,"href":"https:\/\/www.gruppopdregionetoscana.it\/web\/wp-json\/wp\/v2\/media\/18111"}],"wp:attachment":[{"href":"https:\/\/www.gruppopdregionetoscana.it\/web\/wp-json\/wp\/v2\/media?parent=18110"}],"wp:term":[{"taxonomy":"category","embeddable":true,"href":"https:\/\/www.gruppopdregionetoscana.it\/web\/wp-json\/wp\/v2\/categories?post=18110"},{"taxonomy":"post_tag","embeddable":true,"href":"https:\/\/www.gruppopdregionetoscana.it\/web\/wp-json\/wp\/v2\/tags?post=18110"}],"curies":[{"name":"wp","href":"https:\/\/api.w.org\/{rel}","templated":true}]}}