{"id":18113,"date":"2019-02-07T14:03:43","date_gmt":"2019-02-07T13:03:43","guid":{"rendered":"http:\/\/www.gruppopdregionetoscana.it\/web\/?p=18113"},"modified":"2019-02-07T14:03:43","modified_gmt":"2019-02-07T13:03:43","slug":"viareggio-poliziotto-ferito-baccelli-piena-solidarieta-a-forze-dellordine-da-salvini-meno-selfie-in-divisa-e-piu-sostegno-alle-nostre-forze-dellordine","status":"publish","type":"post","link":"https:\/\/www.gruppopdregionetoscana.it\/web\/viareggio-poliziotto-ferito-baccelli-piena-solidarieta-a-forze-dellordine-da-salvini-meno-selfie-in-divisa-e-piu-sostegno-alle-nostre-forze-dellordine\/","title":{"rendered":"Viareggio, poliziotto ferito Baccelli: \u201cPiena solidariet\u00e0 a Forze dell\u2019Ordine Da Salvini meno selfie in divisa e pi\u00f9 sostegno alle nostre Forze dell\u2019Ordine\u201d"},"content":{"rendered":"<p><strong><img loading=\"lazy\" decoding=\"async\" class=\"size-medium wp-image-11771 alignleft\" src=\"http:\/\/www.gruppopdregionetoscana.it\/web\/wp-content\/uploads\/2015\/12\/stefano_baccelli-300x237.jpg\" alt=\"\" width=\"300\" height=\"237\" srcset=\"https:\/\/www.gruppopdregionetoscana.it\/web\/wp-content\/uploads\/2015\/12\/stefano_baccelli-300x237.jpg 300w, https:\/\/www.gruppopdregionetoscana.it\/web\/wp-content\/uploads\/2015\/12\/stefano_baccelli.jpg 480w\" sizes=\"auto, (max-width: 300px) 100vw, 300px\" \/>Viareggio, poliziotto gravemente ferito in pineta. Baccelli: \u201cPiena solidariet\u00e0 a Forze dell\u2019Ordine e preoccupazione per l\u2019accaduto. Da Salvini meno selfie in divisa e pi\u00f9 sostegno alle nostre Forze dell\u2019Ordine\u201d<\/strong><\/p>\n<p><em>Il consigliere regionale Pd interviene dopo la grave aggressione avvenuta stanotte in pineta ai danni di un poliziotto che stava compiendo un sopralluogo<\/em><\/p>\n<p><em>\u00a0<\/em><\/p>\n<p>\u201cQuanto accaduto questa notte a Viareggio \u00e8 un fatto grave che desta sicuramente allarme. Sull\u2019episodio attendiamo tutte le indagini del caso per fare l\u2019opportuna chiarezza, intanto voglio esprimere al poliziotto coinvolto e a tutte le Forze dell\u2019Ordine di Viareggio la mia pi\u00f9 totale vicinanza. La sicurezza urbana rappresenta una priorit\u00e0 su cui dobbiamo adoperarci a tutti i livelli, soprattutto in quei contesti dove sono emerse con maggior forza criticit\u00e0, come tali da tutelare con maggiore attenzione. Il Governo nazionale non pu\u00f2 per\u00f2 pensare di lasciare soli gli enti locali e le strutture territoriali delle Forze dell\u2019Ordine, senza fornire il necessario supporto a chi tutti i giorni \u00e8 impegnato nei nostri piccoli e grandi centri, con carenza di organico e spesso in situazioni complicate. I consiglieri comunali della Lega a Viareggio invece di fare inutili polemiche dovrebbero piuttosto rivolgersi al loro leader politico e attuale ministro degli Interni, ormai in carica da otto mesi, al quale bisognerebbe ricordare che ora i proclami non bastano pi\u00f9, \u00e8 il momento dei fatti. Salvini, sostenere le nostre Forze dell\u2019Ordine non vuol dire farsi vedere un giorno s\u00ec e l\u2019altro pure in divisa: basta sciacquarsi la bocca sulla sicurezza, meno selfie e pi\u00f9 risorse, perch\u00e9 i cittadini si aspettano risposte concrete e non pi\u00f9 slogan\u201d.<\/p>\n<p>&nbsp;<\/p>\n<p>Cos\u00ec <strong>Stefano Baccelli<\/strong>, consigliere regionale Pd, dopo che un poliziotto stanotte a Viareggio \u00e8 stato preso a bottigliate durante un controllo, con gravi conseguenze.<\/p>\n<p>&nbsp;<\/p>\n","protected":false},"excerpt":{"rendered":"<p>Viareggio, poliziotto gravemente ferito in pineta. Baccelli: \u201cPiena solidariet\u00e0 a Forze dell\u2019Ordine e preoccupazione per l\u2019accaduto. Da Salvini meno selfie in divisa e pi\u00f9 sostegno alle nostre Forze dell\u2019Ordine\u201d Il consigliere regionale Pd interviene dopo la grave aggressione avvenuta stanotte in pineta ai danni di un poliziotto che stava compiendo un sopralluogo \u00a0 \u201cQuanto accaduto [&hellip;]<\/p>\n","protected":false},"author":1,"featured_media":11771,"comment_status":"closed","ping_status":"closed","sticky":false,"template":"","format":"standard","meta":{"_jetpack_memberships_contains_paid_content":false,"footnotes":""},"categories":[30,958],"tags":[88,830],"class_list":{"0":"post-18113","1":"post","2":"type-post","3":"status-publish","4":"format-standard","5":"has-post-thumbnail","7":"category-comunicati-stampa","8":"category-stefano-baccelli","9":"tag-sicurezza","10":"tag-viareggio","11":"czr-hentry"},"jetpack_featured_media_url":"https:\/\/www.gruppopdregionetoscana.it\/web\/wp-content\/uploads\/2015\/12\/stefano_baccelli.jpg","jetpack_sharing_enabled":true,"_links":{"self":[{"href":"https:\/\/www.gruppopdregionetoscana.it\/web\/wp-json\/wp\/v2\/posts\/18113","targetHints":{"allow":["GET"]}}],"collection":[{"href":"https:\/\/www.gruppopdregionetoscana.it\/web\/wp-json\/wp\/v2\/posts"}],"about":[{"href":"https:\/\/www.gruppopdregionetoscana.it\/web\/wp-json\/wp\/v2\/types\/post"}],"author":[{"embeddable":true,"href":"https:\/\/www.gruppopdregionetoscana.it\/web\/wp-json\/wp\/v2\/users\/1"}],"replies":[{"embeddable":true,"href":"https:\/\/www.gruppopdregionetoscana.it\/web\/wp-json\/wp\/v2\/comments?post=18113"}],"version-history":[{"count":0,"href":"https:\/\/www.gruppopdregionetoscana.it\/web\/wp-json\/wp\/v2\/posts\/18113\/revisions"}],"wp:featuredmedia":[{"embeddable":true,"href":"https:\/\/www.gruppopdregionetoscana.it\/web\/wp-json\/wp\/v2\/media\/11771"}],"wp:attachment":[{"href":"https:\/\/www.gruppopdregionetoscana.it\/web\/wp-json\/wp\/v2\/media?parent=18113"}],"wp:term":[{"taxonomy":"category","embeddable":true,"href":"https:\/\/www.gruppopdregionetoscana.it\/web\/wp-json\/wp\/v2\/categories?post=18113"},{"taxonomy":"post_tag","embeddable":true,"href":"https:\/\/www.gruppopdregionetoscana.it\/web\/wp-json\/wp\/v2\/tags?post=18113"}],"curies":[{"name":"wp","href":"https:\/\/api.w.org\/{rel}","templated":true}]}}