{"id":18130,"date":"2019-02-08T12:42:50","date_gmt":"2019-02-08T11:42:50","guid":{"rendered":"http:\/\/www.gruppopdregionetoscana.it\/web\/?p=18130"},"modified":"2019-02-08T12:42:50","modified_gmt":"2019-02-08T11:42:50","slug":"serchio-sopralluogo-di-baccelli-e-andreuccetti-urgente-ripristino-viabilita-e-messa-in-sicurezza","status":"publish","type":"post","link":"https:\/\/www.gruppopdregionetoscana.it\/web\/serchio-sopralluogo-di-baccelli-e-andreuccetti-urgente-ripristino-viabilita-e-messa-in-sicurezza\/","title":{"rendered":"Serchio, sopralluogo di Baccelli e Andreuccetti: \u201cUrgente ripristino viabilit\u00e0 e messa in sicurezza\u201d"},"content":{"rendered":"<p><em><img loading=\"lazy\" decoding=\"async\" class=\"size-medium wp-image-18131 alignleft\" src=\"http:\/\/www.gruppopdregionetoscana.it\/web\/wp-content\/uploads\/2019\/02\/maltempolucca4-300x225.jpeg\" alt=\"\" width=\"300\" height=\"225\" srcset=\"https:\/\/www.gruppopdregionetoscana.it\/web\/wp-content\/uploads\/2019\/02\/maltempolucca4-300x225.jpeg 300w, https:\/\/www.gruppopdregionetoscana.it\/web\/wp-content\/uploads\/2019\/02\/maltempolucca4.jpeg 1024w\" sizes=\"auto, (max-width: 300px) 100vw, 300px\" \/>Il consigliere regionale Pd e il sindaco di Borgo a Mozzano sui luoghi colpiti dal maltempo nei giorni scorsi insieme a Anas, Autorit\u00e0 di distretto e tecnici Regione Toscana<\/em><\/p>\n<p>&nbsp;<\/p>\n<p>Ripristino celere della viabilit\u00e0, elaborazione di un progetto di messa in sicurezza che presto possa prendere forma per rispondere ai gravi danni subiti. Sono le priorit\u00e0 che sottolineano <strong>Stefano Baccelli<\/strong>, consigliere regionale Pd e presidente commissione Ambiente e infrastrutture e <strong>Patrizio Andreuccetti<\/strong>, sindaco di Borgo a Mozzano, che oggi hanno svolto un sopralluogo nei luoghi dove maggiori sono stati i danni arrecati dagli eventi alluvionali dei giorni 1, 2 e 3 febbraio scorsi. Baccelli sul tema ha presentato anche una mozione che impegna la Giunta regionale a \u201cdecretare lo stato di emergenza regionale per il comune di Borgo a Mozzano e gli altri comuni colpiti, attivarsi presso il CIPE per ottenere l\u2019erogazione dei fondi destinati alla Toscana in particolare per il restauro dello storico ponte della Maddalena, attivarsi presso ANAS per un\u2019immediata messa in sicurezza del movimento franoso tra Corsagna e Anchiano e per riattivare in tempi rapidi la circolazione veicolare, concordare con ANAS l\u2019individuazione di opportune risorse finanziarie per un progetto di messa in sicurezza strutturale di tutta la strada statale\u201d.<\/p>\n<p>&nbsp;<\/p>\n<p>\u201c\u00c8 stato importante oggi vedere da vicino e toccare cos\u00ec con mano l\u2019entit\u00e0 dei danni, ringrazio i tecnici Anas, l\u2019Autorit\u00e0 di distretto e il Dipartimento Difesa del suolo della Regione Toscana per aver colto la necessit\u00e0 improrogabile di svolgere questo sopralluogo e l\u2019esigenza quindi di trovare presto delle risposte. \u2013 spiega <strong>Baccelli<\/strong> \u2013 Obiettivo ora \u00e8 il ripristino di una forma di viabilit\u00e0, vagliando tecnicamente l\u2019ipotesi di un senso unico alternato in questa fase, e, in parallelo, un progetto strutturale di messa in sicurezza e prevenzione strada\/fiume per risolvere definitivamente il problema ed evitare il ripetersi di eventi franosi analoghi e la periodica chiusura di un\u2019arteria fondamentale per i collegamenti con la Valle del Serchio. Per questo ho voluto impegnare la Giunta con una mozione, sottolineando anche la necessit\u00e0 di reperire i fondi CIPE, in particolare per il ponte del Diavolo\u201d.<\/p>\n<p>&nbsp;<\/p>\n<p>\u201cSono tre le azioni da portare avanti: la messa in sicurezza del fiume, sia a valle che a monte del ponte del Diavolo, un intervento specifico sul tratto franato della strada statale, l\u2019applicazione in tempi ragionevoli del senso unico alternato per poi ripristinare rapidamente la viabilit\u00e0 ordinaria. \u2013 fa presente <strong>Andreuccetti<\/strong> &#8211; Ho gi\u00e0 chiesto alla prefettura la convocazione di un tavolo tecnico come quello che gi\u00e0 si \u00e8 svolto per situazioni analoghe negli anni passati, in modo da coinvolgere velocemente in un medesimo contesto tutti gli enti che hanno competenze su strada e su fiume e poter quindi affrontare in tempi rapidi la situazione, per fornire le risposte pi\u00f9 efficaci. Proprio oggi inoltre ho ricevuto in comune i tecnici Anas e le autorit\u00e0 di bacino. L\u2019attenzione sulla situazione quindi \u00e8 altissima. Altra azione che ora per noi \u00e8 improrogabile \u00e8 che il CIPE\u00a0 sblocchi questi 340 mila euro per restaurare il ponte del Diavolo. Auspico quindi che da parte di tutti gli enti preposti ci sia la capacit\u00e0 di fare sinergia e lavorare congiuntamente con questo obiettivo\u201d.<\/p>\n","protected":false},"excerpt":{"rendered":"<p>Il consigliere regionale Pd e il sindaco di Borgo a Mozzano sui luoghi colpiti dal maltempo nei giorni scorsi insieme a Anas, Autorit\u00e0 di distretto e tecnici Regione Toscana &nbsp; Ripristino celere della viabilit\u00e0, elaborazione di un progetto di messa in sicurezza che presto possa prendere forma per rispondere ai gravi danni subiti. Sono le [&hellip;]<\/p>\n","protected":false},"author":1,"featured_media":18131,"comment_status":"closed","ping_status":"closed","sticky":false,"template":"","format":"standard","meta":{"_jetpack_memberships_contains_paid_content":false,"footnotes":""},"categories":[1],"tags":[],"class_list":{"0":"post-18130","1":"post","2":"type-post","3":"status-publish","4":"format-standard","5":"has-post-thumbnail","7":"category-proposte-di-legge","8":"czr-hentry"},"jetpack_featured_media_url":"https:\/\/www.gruppopdregionetoscana.it\/web\/wp-content\/uploads\/2019\/02\/maltempolucca4.jpeg","jetpack_sharing_enabled":true,"_links":{"self":[{"href":"https:\/\/www.gruppopdregionetoscana.it\/web\/wp-json\/wp\/v2\/posts\/18130","targetHints":{"allow":["GET"]}}],"collection":[{"href":"https:\/\/www.gruppopdregionetoscana.it\/web\/wp-json\/wp\/v2\/posts"}],"about":[{"href":"https:\/\/www.gruppopdregionetoscana.it\/web\/wp-json\/wp\/v2\/types\/post"}],"author":[{"embeddable":true,"href":"https:\/\/www.gruppopdregionetoscana.it\/web\/wp-json\/wp\/v2\/users\/1"}],"replies":[{"embeddable":true,"href":"https:\/\/www.gruppopdregionetoscana.it\/web\/wp-json\/wp\/v2\/comments?post=18130"}],"version-history":[{"count":0,"href":"https:\/\/www.gruppopdregionetoscana.it\/web\/wp-json\/wp\/v2\/posts\/18130\/revisions"}],"wp:featuredmedia":[{"embeddable":true,"href":"https:\/\/www.gruppopdregionetoscana.it\/web\/wp-json\/wp\/v2\/media\/18131"}],"wp:attachment":[{"href":"https:\/\/www.gruppopdregionetoscana.it\/web\/wp-json\/wp\/v2\/media?parent=18130"}],"wp:term":[{"taxonomy":"category","embeddable":true,"href":"https:\/\/www.gruppopdregionetoscana.it\/web\/wp-json\/wp\/v2\/categories?post=18130"},{"taxonomy":"post_tag","embeddable":true,"href":"https:\/\/www.gruppopdregionetoscana.it\/web\/wp-json\/wp\/v2\/tags?post=18130"}],"curies":[{"name":"wp","href":"https:\/\/api.w.org\/{rel}","templated":true}]}}