{"id":18133,"date":"2019-02-08T14:09:38","date_gmt":"2019-02-08T13:09:38","guid":{"rendered":"http:\/\/www.gruppopdregionetoscana.it\/web\/?p=18133"},"modified":"2019-02-08T14:09:38","modified_gmt":"2019-02-08T13:09:38","slug":"peretola-mozione-di-forza-italia-baccelli-pd-bel-coraggio-col-loro-dissenso-a-variante-pit-il-sistema-aeroportuale-toscano-sarebbe-sparito","status":"publish","type":"post","link":"https:\/\/www.gruppopdregionetoscana.it\/web\/peretola-mozione-di-forza-italia-baccelli-pd-bel-coraggio-col-loro-dissenso-a-variante-pit-il-sistema-aeroportuale-toscano-sarebbe-sparito\/","title":{"rendered":"Peretola, mozione di Forza Italia, Baccelli (Pd): \u201cBel coraggio, col loro dissenso a variante Pit il sistema aeroportuale toscano sarebbe sparito\u201d"},"content":{"rendered":"<p><img loading=\"lazy\" decoding=\"async\" class=\" wp-image-4556 alignleft\" src=\"http:\/\/www.gruppopdregionetoscana.it\/web\/wp-content\/uploads\/2013\/07\/Aeroporto_di_firenze_torre_di_controllo_0-300x200.jpg\" alt=\"\" width=\"212\" height=\"141\" \/>\u201cLeggo che i consiglieri di Forza Italia Marchetti e Stella con una mozione chiedono impegni precisi per Peretola e lo sviluppo aeroportuale toscano e esprimono preoccupazione sul sostegno all\u2019opera da parte del governo nazionale. Ci vuole una bella dose di coraggio e faccia tosta, se pensiamo che qualche mese fa con il loro comportamento consiliare\u00a0 hanno fatto tutto il possibile per affossare questo progetto. Basta tornare indietro nel tempo, neanche di molto, pi\u00f9 precisamente alla seduta consiliare del 21 novembre e alla loro mancata approvazione della mia proposta di risoluzione che autorizzava il presidente Rossi a esprimere parere favorevole in conferenza dei servizi. Gli atti sono atti e le chiacchiere sono chiacchiere. Quando avrebbero dovuto deliberare a favore dello sviluppo dell\u2019aeroporto di Firenze sono usciti dall\u2019aula su consegna della zarina leghista, ora pretendono di raccontare una nuova\u00a0 e finta storiella. La verit\u00e0 politica e giuridica \u00e8 che se fosse stato per loro il Presidente Rossi non avrebbe potuto esprimersi favorevolmente all\u2019ampliamento. \u00c8 solo grazie al Pd, che ha votato, da solo,\u00a0 a favore della risoluzione, che si \u00e8 potuto compiere questo passaggio cruciale, \u00e8 solo grazie al Pd quindi che ora siamo a questo punto. Non si pu\u00f2 essere per lo sviluppo a giorni alterni, a seconda di come faccia pi\u00f9 comodo. Quella del Pd invece \u00e8 una linea chiara : per gli aeroporti di Pisa e Firenze e per la Toscana tutta vuole crescita, investimenti e una mobilit\u00e0 efficiente e sostenibile\u201d.<\/p>\n<p>Cos\u00ec<strong> Stefano Baccelli<\/strong>, presidente commissione Infrastrutture e trasporti, replicando a Marchetti e Stella (Fi) sull\u2019aeroporto di Firenze.<\/p>\n","protected":false},"excerpt":{"rendered":"<p>\u201cLeggo che i consiglieri di Forza Italia Marchetti e Stella con una mozione chiedono impegni precisi per Peretola e lo sviluppo aeroportuale toscano e esprimono preoccupazione sul sostegno all\u2019opera da parte del governo nazionale. Ci vuole una bella dose di coraggio e faccia tosta, se pensiamo che qualche mese fa con il loro comportamento consiliare\u00a0 [&hellip;]<\/p>\n","protected":false},"author":1,"featured_media":0,"comment_status":"closed","ping_status":"closed","sticky":false,"template":"","format":"standard","meta":{"_jetpack_memberships_contains_paid_content":false,"footnotes":""},"categories":[30,958],"tags":[],"class_list":{"0":"post-18133","1":"post","2":"type-post","3":"status-publish","4":"format-standard","6":"category-comunicati-stampa","7":"category-stefano-baccelli","8":"czr-hentry"},"jetpack_featured_media_url":"","jetpack_sharing_enabled":true,"_links":{"self":[{"href":"https:\/\/www.gruppopdregionetoscana.it\/web\/wp-json\/wp\/v2\/posts\/18133","targetHints":{"allow":["GET"]}}],"collection":[{"href":"https:\/\/www.gruppopdregionetoscana.it\/web\/wp-json\/wp\/v2\/posts"}],"about":[{"href":"https:\/\/www.gruppopdregionetoscana.it\/web\/wp-json\/wp\/v2\/types\/post"}],"author":[{"embeddable":true,"href":"https:\/\/www.gruppopdregionetoscana.it\/web\/wp-json\/wp\/v2\/users\/1"}],"replies":[{"embeddable":true,"href":"https:\/\/www.gruppopdregionetoscana.it\/web\/wp-json\/wp\/v2\/comments?post=18133"}],"version-history":[{"count":0,"href":"https:\/\/www.gruppopdregionetoscana.it\/web\/wp-json\/wp\/v2\/posts\/18133\/revisions"}],"wp:attachment":[{"href":"https:\/\/www.gruppopdregionetoscana.it\/web\/wp-json\/wp\/v2\/media?parent=18133"}],"wp:term":[{"taxonomy":"category","embeddable":true,"href":"https:\/\/www.gruppopdregionetoscana.it\/web\/wp-json\/wp\/v2\/categories?post=18133"},{"taxonomy":"post_tag","embeddable":true,"href":"https:\/\/www.gruppopdregionetoscana.it\/web\/wp-json\/wp\/v2\/tags?post=18133"}],"curies":[{"name":"wp","href":"https:\/\/api.w.org\/{rel}","templated":true}]}}