{"id":18149,"date":"2019-02-13T14:30:25","date_gmt":"2019-02-13T13:30:25","guid":{"rendered":"http:\/\/www.gruppopdregionetoscana.it\/web\/?p=18149"},"modified":"2019-02-13T14:30:25","modified_gmt":"2019-02-13T13:30:25","slug":"commercio-ambulante-gianni-anselmi-annuncia-proposta-di-legge-regionale","status":"publish","type":"post","link":"https:\/\/www.gruppopdregionetoscana.it\/web\/commercio-ambulante-gianni-anselmi-annuncia-proposta-di-legge-regionale\/","title":{"rendered":"Commercio Ambulante, Gianni Anselmi annuncia proposta di legge regionale"},"content":{"rendered":"<p>Tacito rinnovo delle concessioni (12 anni), disincentivi alla sublocazione delle piazzole e correzioni del regole sanzionatorie i punti principali della Pdl depositata oggi<\/p>\n<p><img loading=\"lazy\" decoding=\"async\" class=\"alignleft size-medium wp-image-13443\" src=\"http:\/\/www.gruppopdregionetoscana.it\/web\/wp-content\/uploads\/2016\/07\/Gianni1-300x215.jpg\" alt=\"\" width=\"300\" height=\"215\" srcset=\"https:\/\/www.gruppopdregionetoscana.it\/web\/wp-content\/uploads\/2016\/07\/Gianni1-300x215.jpg 300w, https:\/\/www.gruppopdregionetoscana.it\/web\/wp-content\/uploads\/2016\/07\/Gianni1-1024x733.jpg 1024w, https:\/\/www.gruppopdregionetoscana.it\/web\/wp-content\/uploads\/2016\/07\/Gianni1.jpg 1500w\" sizes=\"auto, (max-width: 300px) 100vw, 300px\" \/>Il commercio su aree pubbliche avr\u00e0 presto una nuova normativa regionale per iniziativa del gruppo Pd. Lo ha annunciato <strong>Gianni Anselmi<\/strong>, presidente della commissione sviluppo economico, intervenendo in aula e motivando il voto contrario a una risoluzione sull\u2019argomento.<\/p>\n<p>\u00abSi tratta di un tema molto importante \u2013 ha spiegato <strong>Anselmi<\/strong> \u2013 sul quale piuttosto che mettere bandierine occorre impegnarsi a svolgere un ruolo legislativo e di governo. Per questo, proprio in queste ore, stiamo presentando un testo di proposta di legge che interviene a colmare un vuoto creato dopo l\u2019approvazione dell\u2019ultima Finanziaria nazionale, limitandosi a sottrarre il settore del commercio su aree pubbliche dall\u2019applicazione della direttiva Bolkestein. Saremo la prima Regione ad assumere un\u2019iniziativa in tal senso: con la nostra proposta quindi vogliamo provare anche a fare da apriprista alle altre Regioni che, come noi, si trovano davanti all\u2019esigenza di regolamentare questi aspetti. In sintesi \u2013 ha specificato Anselmi \u2013 interveniamo per adeguare il Codice del commercio della Regione Toscana, approvato nel novembre scorso, al quadro normativo nazionale creatosi recentemente. Quindi, ci concentriamo su due aspetti importanti: innanzitutto prevediamo il \u201ctacito rinnovo\u201d delle concessioni agli ambulanti per il periodo massimo previsto dalla normativa, cio\u00e8 12 anni; in secondo luogo ci occupiamo del fenomeno del subaffitto delle cosiddette piazzole, che vede molti titolari di partita Iva svolgere un\u2019attivit\u00e0 di mera locazione, senza cio\u00e8 lavorare effettivamente nei mercati. Fenomeno che intendiamo scoraggiare e per fare ci\u00f2 pensiamo a penalizzare coloro che si limitano ad affittare senza esercitare effettivamente l\u2019attivit\u00e0 e, dall\u2019altro lato, introducendo premialit\u00e0 relativamente ai nuovi posti messi a bando dai comuni per coloro che si impegnano a non subaffittare i posteggi. Infine, cogliamo l\u2019occasione per correggere alcune criticit\u00e0 del sistema sanzionatorio del settore che sono emerse dopo l\u2019approvazione del Codice , come ad esempio il rischio del sequestro cautelare delle merci e delle attrezzature in caso di violazioni anche non gravi\u00bb.<\/p>\n","protected":false},"excerpt":{"rendered":"<p>Tacito rinnovo delle concessioni (12 anni), disincentivi alla sublocazione delle piazzole e correzioni del regole sanzionatorie i punti principali della Pdl depositata oggi Il commercio su aree pubbliche avr\u00e0 presto una nuova normativa regionale per iniziativa del gruppo Pd. Lo ha annunciato Gianni Anselmi, presidente della commissione sviluppo economico, intervenendo in aula e motivando il [&hellip;]<\/p>\n","protected":false},"author":1,"featured_media":18150,"comment_status":"closed","ping_status":"closed","sticky":false,"template":"","format":"standard","meta":{"_jetpack_memberships_contains_paid_content":false,"footnotes":""},"categories":[30,957],"tags":[],"class_list":{"0":"post-18149","1":"post","2":"type-post","3":"status-publish","4":"format-standard","5":"has-post-thumbnail","7":"category-comunicati-stampa","8":"category-gianni-anselmi","9":"czr-hentry"},"jetpack_featured_media_url":"https:\/\/www.gruppopdregionetoscana.it\/web\/wp-content\/uploads\/2019\/02\/mercatoamb.jpg","jetpack_sharing_enabled":true,"_links":{"self":[{"href":"https:\/\/www.gruppopdregionetoscana.it\/web\/wp-json\/wp\/v2\/posts\/18149","targetHints":{"allow":["GET"]}}],"collection":[{"href":"https:\/\/www.gruppopdregionetoscana.it\/web\/wp-json\/wp\/v2\/posts"}],"about":[{"href":"https:\/\/www.gruppopdregionetoscana.it\/web\/wp-json\/wp\/v2\/types\/post"}],"author":[{"embeddable":true,"href":"https:\/\/www.gruppopdregionetoscana.it\/web\/wp-json\/wp\/v2\/users\/1"}],"replies":[{"embeddable":true,"href":"https:\/\/www.gruppopdregionetoscana.it\/web\/wp-json\/wp\/v2\/comments?post=18149"}],"version-history":[{"count":0,"href":"https:\/\/www.gruppopdregionetoscana.it\/web\/wp-json\/wp\/v2\/posts\/18149\/revisions"}],"wp:featuredmedia":[{"embeddable":true,"href":"https:\/\/www.gruppopdregionetoscana.it\/web\/wp-json\/wp\/v2\/media\/18150"}],"wp:attachment":[{"href":"https:\/\/www.gruppopdregionetoscana.it\/web\/wp-json\/wp\/v2\/media?parent=18149"}],"wp:term":[{"taxonomy":"category","embeddable":true,"href":"https:\/\/www.gruppopdregionetoscana.it\/web\/wp-json\/wp\/v2\/categories?post=18149"},{"taxonomy":"post_tag","embeddable":true,"href":"https:\/\/www.gruppopdregionetoscana.it\/web\/wp-json\/wp\/v2\/tags?post=18149"}],"curies":[{"name":"wp","href":"https:\/\/api.w.org\/{rel}","templated":true}]}}