{"id":18352,"date":"2019-04-05T17:01:41","date_gmt":"2019-04-05T15:01:41","guid":{"rendered":"http:\/\/www.gruppopdregionetoscana.it\/web\/?p=18352"},"modified":"2019-04-05T17:01:41","modified_gmt":"2019-04-05T15:01:41","slug":"porrettana-dalla-regione-bando-da-50-mila-euro-per-linee-ferroviarie-minori","status":"publish","type":"post","link":"https:\/\/www.gruppopdregionetoscana.it\/web\/porrettana-dalla-regione-bando-da-50-mila-euro-per-linee-ferroviarie-minori\/","title":{"rendered":"Porrettana, dalla Regione bando da 50 mila euro per linee ferroviarie minori"},"content":{"rendered":"<p><em><img loading=\"lazy\" decoding=\"async\" class=\"size-medium wp-image-12891 alignleft\" src=\"http:\/\/www.gruppopdregionetoscana.it\/web\/wp-content\/uploads\/2016\/05\/porrettana2-300x209.jpg\" alt=\"\" width=\"300\" height=\"209\" srcset=\"https:\/\/www.gruppopdregionetoscana.it\/web\/wp-content\/uploads\/2016\/05\/porrettana2-300x209.jpg 300w, https:\/\/www.gruppopdregionetoscana.it\/web\/wp-content\/uploads\/2016\/05\/porrettana2.jpg 800w\" sizes=\"auto, (max-width: 300px) 100vw, 300px\" \/>Si valuta anche candidatura Unesco, fanno sapere dalla Giunta<\/em><\/p>\n<p><em>Baldi e Niccolai: \u201cSforzo importante ma \u00e8 urgente andare avanti con azione di rilancio\u201d<\/em><\/p>\n<p>&nbsp;<\/p>\n<p>&nbsp;<\/p>\n<p>Arrivano 50 mila euro per la valorizzazione delle linee ferroviarie minori come la Porrettana. \u00c8 dell\u2019inizio di quest\u2019anno, infatti, la delibera di Giunta che prevede la concessione di contributi destinati a progetti di valorizzazione, con un cofinanziamento che pu\u00f2 coprire fino all\u201980% della spesa complessiva. Prosegue inoltre l\u2019attivit\u00e0 del gruppo tecnico per il protocollo Transapp: nell\u2019ultima riunione dell\u20198 febbraio si \u00e8 discussa la candidatura Unesco della Porrettana. \u00c8 quanto emerge dalla nota di attuazione alla mozione dedicata alle prospettive di valorizzazione della linea ferroviaria Porrettana, primo firmatario il consigliere regionale Pd <strong>Massimo Baldi<\/strong>, sottoscritta anche da <strong>Marco Niccolai<\/strong>. Il provvedimento impegnava la Giunta a attivare nuove iniziative per la Porrettana e le altre linee ferroviarie minori, chiedendo proprio di rifinanziare il bando per concessione di contributi gi\u00e0 realizzato nel 2018 e inoltre di portare avanti il progetto de \u201cLa Ferrovia Transappenninica\u201d\u00a0che ha preso il via con il protocollo d\u2019intesa del 2016. \u201cNon possiamo che essere soddisfatti del fatto che la Giunta abbia recepito l\u2019importanza di replicare il bando per progetti destinati alle linee ferroviarie minori. \u2013 spiegano i consiglieri Pd <strong>Baldi<\/strong> e <strong>Niccolai<\/strong> \u2013 Cos\u00ec com\u2019\u00e8 importante che prosegua il percorso inaugurato dal protocollo d\u2019intesa del 2016: di questo \u00e8 necessario ringraziare l\u2019associazione Transapp che di questo progetto ambizioso si \u00e8 fatta promotrice per prima e su questo fronte ha messo in campo un grande impegno. La Regione negli anni scorsi si \u00e8 adoperata molto, ad esempio cofinanziando l\u2019intervento sulla frana di Corbezzi e impegnando Rfi all\u2019ammodernamento della rete. L\u2019attenzione che c\u2019\u00e8 dunque \u00e8 anche sulla promozione turistica. Ma siamo consapevoli che la strada per un concreto rilancio della linea sia ancora lunga e sia davvero urgente continuare a mettere in campo iniziative in materia. Investire sulla Porrettana \u00e8 una grande opportunit\u00e0. La linea se da un lato svolge la fondamentale funzione di collegare le comunit\u00e0 della montagna pistoiese dall\u2019altro pu\u00f2 rappresentare un volano per la fruizione turistica di questo territorio. Con la mozione abbiamo voluto riaccendere i riflettori su un\u2019infrastruttura dalla forte valenza storica, culturale, ambientale, paesaggistica ed economica e pi\u00f9 un generale su una parte di Toscana delicata e nel contempo straordinaria che merita sicuramente impegno, investimenti, opportunit\u00e0.\u00a0 Apprezziamo che l\u2019obiettivo sia stato raggiunto ma continueremo a fare in modo che l\u2019attenzione su questo tema non venga mai meno e si valutino ulteriori iniziative di promozione\u201d.<\/p>\n","protected":false},"excerpt":{"rendered":"<p>Si valuta anche candidatura Unesco, fanno sapere dalla Giunta Baldi e Niccolai: \u201cSforzo importante ma \u00e8 urgente andare avanti con azione di rilancio\u201d &nbsp; &nbsp; Arrivano 50 mila euro per la valorizzazione delle linee ferroviarie minori come la Porrettana. \u00c8 dell\u2019inizio di quest\u2019anno, infatti, la delibera di Giunta che prevede la concessione di contributi destinati [&hellip;]<\/p>\n","protected":false},"author":1,"featured_media":12891,"comment_status":"closed","ping_status":"closed","sticky":false,"template":"","format":"standard","meta":{"_jetpack_memberships_contains_paid_content":false,"footnotes":""},"categories":[30,969,959],"tags":[80,442],"class_list":{"0":"post-18352","1":"post","2":"type-post","3":"status-publish","4":"format-standard","5":"has-post-thumbnail","7":"category-comunicati-stampa","8":"category-marco-niccolai","9":"category-massimo-baldi","10":"tag-ferrovie","11":"tag-porrettana","12":"czr-hentry"},"jetpack_featured_media_url":"https:\/\/www.gruppopdregionetoscana.it\/web\/wp-content\/uploads\/2016\/05\/porrettana2.jpg","jetpack_sharing_enabled":true,"_links":{"self":[{"href":"https:\/\/www.gruppopdregionetoscana.it\/web\/wp-json\/wp\/v2\/posts\/18352","targetHints":{"allow":["GET"]}}],"collection":[{"href":"https:\/\/www.gruppopdregionetoscana.it\/web\/wp-json\/wp\/v2\/posts"}],"about":[{"href":"https:\/\/www.gruppopdregionetoscana.it\/web\/wp-json\/wp\/v2\/types\/post"}],"author":[{"embeddable":true,"href":"https:\/\/www.gruppopdregionetoscana.it\/web\/wp-json\/wp\/v2\/users\/1"}],"replies":[{"embeddable":true,"href":"https:\/\/www.gruppopdregionetoscana.it\/web\/wp-json\/wp\/v2\/comments?post=18352"}],"version-history":[{"count":0,"href":"https:\/\/www.gruppopdregionetoscana.it\/web\/wp-json\/wp\/v2\/posts\/18352\/revisions"}],"wp:featuredmedia":[{"embeddable":true,"href":"https:\/\/www.gruppopdregionetoscana.it\/web\/wp-json\/wp\/v2\/media\/12891"}],"wp:attachment":[{"href":"https:\/\/www.gruppopdregionetoscana.it\/web\/wp-json\/wp\/v2\/media?parent=18352"}],"wp:term":[{"taxonomy":"category","embeddable":true,"href":"https:\/\/www.gruppopdregionetoscana.it\/web\/wp-json\/wp\/v2\/categories?post=18352"},{"taxonomy":"post_tag","embeddable":true,"href":"https:\/\/www.gruppopdregionetoscana.it\/web\/wp-json\/wp\/v2\/tags?post=18352"}],"curies":[{"name":"wp","href":"https:\/\/api.w.org\/{rel}","templated":true}]}}