{"id":18371,"date":"2019-04-10T10:43:02","date_gmt":"2019-04-10T08:43:02","guid":{"rendered":"http:\/\/www.gruppopdregionetoscana.it\/web\/?p=18371"},"modified":"2019-04-10T10:54:32","modified_gmt":"2019-04-10T08:54:32","slug":"siena-vicenda-asili-nido-simone-bezzini-positiva-lattenzione-della-regione-ora-mi-auguro-che-il-comune-si-fermi","status":"publish","type":"post","link":"https:\/\/www.gruppopdregionetoscana.it\/web\/siena-vicenda-asili-nido-simone-bezzini-positiva-lattenzione-della-regione-ora-mi-auguro-che-il-comune-si-fermi\/","title":{"rendered":"Siena, Vicenda Asili comunali, Simone Bezzini: &#8220;Positiva l\u2019attenzione della  Regione, ora mi auguro che il Comune si fermi&#8221;"},"content":{"rendered":"<p><img loading=\"lazy\" decoding=\"async\" class=\"alignleft size-medium wp-image-17507\" src=\"http:\/\/www.gruppopdregionetoscana.it\/web\/wp-content\/uploads\/2018\/09\/asilo_nido_giochi_530x400-300x225.jpg\" alt=\"\" width=\"300\" height=\"225\" srcset=\"https:\/\/www.gruppopdregionetoscana.it\/web\/wp-content\/uploads\/2018\/09\/asilo_nido_giochi_530x400-300x225.jpg 300w, https:\/\/www.gruppopdregionetoscana.it\/web\/wp-content\/uploads\/2018\/09\/asilo_nido_giochi_530x400.jpg 510w\" sizes=\"auto, (max-width: 300px) 100vw, 300px\" \/>\u00abGiudico positivo l&#8217;interessamento da parte dell&#8217;assessore regionale all&#8217;istruzione Cristina Grieco, che ha convocato la sua omologa del Comune di Siena, in merito all\u2019intenzione dell&#8217;amministrazione comunale guidata da De Mossi di chiedere la statalizzazione delle scuole dell&#8217;infanzia comunali e di appaltare all&#8217;esterno la gestione di asili nido comunali. Servizi molto apprezzati dalla comunit\u00e0,\u00a0 che ora rischiano di uscire dal diretto controllo\u00a0 del Comune\u00bb.<\/p>\n<p>Lo dice <strong>Simone Bezzini<\/strong>, consigliere regionale Pd, a proposito dell\u2019incontro svoltosi ieri a Firenze tra l\u2019assessore regionale all\u2019istruzione e la sua omologa al Comune di Siena.<\/p>\n<p>\u00abL\u2019iniziativa dell\u2019assessore Grieco\u00a0 &#8211; spiega Bezzini &#8211; nasce dalle forti preoccupazioni che le sono state espresse\u00a0 nel corso di una iniziativa che abbiamo fatto assieme a Siena lo scorso 27 marzo, sui temi del lavoro e della formazione, promossa dal Circolo Pd di Sant\u2019Agostino. In quella circostanza alcuni cittadini presenti avevano sollevato proprio la questione degli asili comunali di Siena. A quelle preoccupazioni la Regione sta dando gambe per capire meglio la situazione, dato che parliamo di politiche per la prima infanzia, quelle senesi, considerate un esempio in tutta la Toscana e non solo.<\/p>\n<p>Non a caso, la scelta di intervenire\u00a0 sulle politiche per l\u2019infanzia\u00a0 &#8211; prosegue Bezzini \u2013 ha sollevato una forte contrariet\u00e0 da parte delle famiglie, oltre che degli insegnanti e di tutto il personale interessati. In un appello sottoscritto da oltre 600 genitori \u2013 ricorda il consigliere \u2013 si denuncia il rischio che possa venir\u00a0 meno la continuit\u00e0 didattica per i bambini. I genitori sottolineano come i nidi e le scuole dell\u2019infanzia rappresentano a Siena una vera e propria eccellenza, un patrimonio non certo da disperdere, bens\u00ec da potenziare, e che garantisce la pluralit\u00e0 di scelta da parte delle famiglie. Altro aspetto da tener presente \u00e8 l&#8217;incertezza che peser\u00e0 sul futuro dei lavoratori interessati, tanto che sulla vicenda si sono mosse anche le rappresentanze sindacali. Mi auguro che il confronto tra l&#8217;assessore Grieco e l&#8217;assessore all&#8217;istruzione del comune di Siena \u2013 conclude Bezzini \u2013\u00a0 possa portare ad una valutazione pi\u00f9 approfondita e che non si proceda a iniziative che possano compromettere la qualit\u00e0 dei servizi educativi del Comune\u00bb.<\/p>\n<p>&nbsp;<\/p>\n","protected":false},"excerpt":{"rendered":"<p>\u00abGiudico positivo l&#8217;interessamento da parte dell&#8217;assessore regionale all&#8217;istruzione Cristina Grieco, che ha convocato la sua omologa del Comune di Siena, in merito all\u2019intenzione dell&#8217;amministrazione comunale guidata da De Mossi di chiedere la statalizzazione delle scuole dell&#8217;infanzia comunali e di appaltare all&#8217;esterno la gestione di asili nido comunali. Servizi molto apprezzati dalla comunit\u00e0,\u00a0 che ora rischiano [&hellip;]<\/p>\n","protected":false},"author":1,"featured_media":11611,"comment_status":"closed","ping_status":"closed","sticky":false,"template":"","format":"standard","meta":{"_jetpack_memberships_contains_paid_content":false,"footnotes":""},"categories":[30,956],"tags":[],"class_list":{"0":"post-18371","1":"post","2":"type-post","3":"status-publish","4":"format-standard","5":"has-post-thumbnail","7":"category-comunicati-stampa","8":"category-simone-bezzini","9":"czr-hentry"},"jetpack_featured_media_url":"https:\/\/www.gruppopdregionetoscana.it\/web\/wp-content\/uploads\/2015\/12\/simone-bezzini1.jpg","jetpack_sharing_enabled":true,"_links":{"self":[{"href":"https:\/\/www.gruppopdregionetoscana.it\/web\/wp-json\/wp\/v2\/posts\/18371","targetHints":{"allow":["GET"]}}],"collection":[{"href":"https:\/\/www.gruppopdregionetoscana.it\/web\/wp-json\/wp\/v2\/posts"}],"about":[{"href":"https:\/\/www.gruppopdregionetoscana.it\/web\/wp-json\/wp\/v2\/types\/post"}],"author":[{"embeddable":true,"href":"https:\/\/www.gruppopdregionetoscana.it\/web\/wp-json\/wp\/v2\/users\/1"}],"replies":[{"embeddable":true,"href":"https:\/\/www.gruppopdregionetoscana.it\/web\/wp-json\/wp\/v2\/comments?post=18371"}],"version-history":[{"count":0,"href":"https:\/\/www.gruppopdregionetoscana.it\/web\/wp-json\/wp\/v2\/posts\/18371\/revisions"}],"wp:featuredmedia":[{"embeddable":true,"href":"https:\/\/www.gruppopdregionetoscana.it\/web\/wp-json\/wp\/v2\/media\/11611"}],"wp:attachment":[{"href":"https:\/\/www.gruppopdregionetoscana.it\/web\/wp-json\/wp\/v2\/media?parent=18371"}],"wp:term":[{"taxonomy":"category","embeddable":true,"href":"https:\/\/www.gruppopdregionetoscana.it\/web\/wp-json\/wp\/v2\/categories?post=18371"},{"taxonomy":"post_tag","embeddable":true,"href":"https:\/\/www.gruppopdregionetoscana.it\/web\/wp-json\/wp\/v2\/tags?post=18371"}],"curies":[{"name":"wp","href":"https:\/\/api.w.org\/{rel}","templated":true}]}}