{"id":18591,"date":"2019-06-20T15:29:06","date_gmt":"2019-06-20T13:29:06","guid":{"rendered":"http:\/\/www.gruppopdregionetoscana.it\/web\/?p=18591"},"modified":"2019-06-20T15:44:24","modified_gmt":"2019-06-20T13:44:24","slug":"commercio-su-aree-pubbliche-legge-regionale-consegna-quadro-di-certezze-ora-avanti-con-gli-investimenti-e-piani-dei-comuni","status":"publish","type":"post","link":"https:\/\/www.gruppopdregionetoscana.it\/web\/commercio-su-aree-pubbliche-legge-regionale-consegna-quadro-di-certezze-ora-avanti-con-gli-investimenti-e-piani-dei-comuni\/","title":{"rendered":"Commercio su aree pubbliche, \u201cLegge regionale consegna quadro di certezze, ora avanti con gli investimenti e piani dei Comuni\u201d"},"content":{"rendered":"<p><strong>Gianni Anselmi e Stefano Ciuoffo, insieme ai rappresentanti di Anva-Confesercenti e Fiva-Confcommercio, Maurizio Innocenti e Gianni Picchi hanno tenuto questa mattina una conferenza stampa per fare il punto sulle prospettive del settore dopo la non impugnazione da parte del governo nazionale della nuvoa legge toscana<br \/>\n<\/strong><\/p>\n<p><img loading=\"lazy\" decoding=\"async\" class=\"alignleft size-medium wp-image-18594\" src=\"http:\/\/www.gruppopdregionetoscana.it\/web\/wp-content\/uploads\/2019\/06\/conferenzastampacommercio1jpg-300x200.jpg\" alt=\"\" width=\"300\" height=\"200\" srcset=\"https:\/\/www.gruppopdregionetoscana.it\/web\/wp-content\/uploads\/2019\/06\/conferenzastampacommercio1jpg-300x200.jpg 300w, https:\/\/www.gruppopdregionetoscana.it\/web\/wp-content\/uploads\/2019\/06\/conferenzastampacommercio1jpg-1024x683.jpg 1024w, https:\/\/www.gruppopdregionetoscana.it\/web\/wp-content\/uploads\/2019\/06\/conferenzastampacommercio1jpg.jpg 1200w\" sizes=\"auto, (max-width: 300px) 100vw, 300px\" \/>Incassato il \u201ctacito assenso\u201d, con la mancata impugnazione da parte del governo nazionale della legge sul commercio su aree pubbliche, la Regione guarda avanti e le associazioni di categoria esprimono ottimismo sulle prospettive del settore, che in Toscana conta ben 13.500 imprese.<\/p>\n<p>Lo hanno espresso chiaramente questa mattina, in una conferenza stampa tenuta in un luogo simbolico qual \u00e8 il mercato centrale di Firenze, il consigliere regionale Pd e presidente della commissione Sviluppo economico <strong>Gianni Anselmi<\/strong> e l\u2019assessore regionale alle Attivit\u00e0 produttive, <strong>Stefano Ciuoffo<\/strong>, insieme ai rappresentanti delle principali associazioni di categoria, <strong>Maurizio Innocenti<\/strong>, presidente regionale Anva-Confesercenti e <strong>Gianni Picchi<\/strong>, segretario regionale Fiva-Confcommercio.<\/p>\n<p>\u00abFinalmente non ci sono pi\u00f9 ostacoli alla piena applicazione del Codice del Commercio \u2013 ha esordito <strong>Gianni Picchi<\/strong> &#8211; Chiediamo quindi che vengano aperti presso tutte le amministrazioni comunali i tavoli di concertazione con le associazioni di categoria, secondo le modalit\u00e0 previste. Poi si deve accelerare il processo di aggiornamento dei piani comunali del commercio su area pubblica, non solo per quanto riguarda le modalit\u00e0 di rinnovo tacito delle concessioni, ma anche per tutte le iniziative volte a favorire e sviluppare le aree mercatali\u00bb.<\/p>\n<p>\u00abLa politica ha dimostrato di poter risolvere i problemi \u2013 ha detto <strong>Maurizio Innocenti<\/strong> \u2013 e lo ha fatto in Toscana con impegno e sensibilit\u00e0. Grazie alle nuove norme gli operatori della nostra categoria possono ricominciare a programmare, pensare a riqualificazione, investimenti e formazione. Come Confesercenti siamo impegnati ad esportare il modello toscano in altre regioni, visto che la Toscana per il momento \u00e8 l\u2019unica ad aver prodotto una normativa\u00bb.<\/p>\n<p>\u00abLa legge regionale si \u00e8 resa necessaria \u2013 ha ricordato <strong>Stefano Ciuoffo<\/strong> &#8211; in seguito al vuoto normativo creatosi dopo l&#8217;approvazione della legge di Stabilit\u00e0 da parte del Parlamento a dicembre nella quale si eliminavano delle norme che definivano il quadro per le concessioni. Siamo stati la prima Regione italiana a farlo e adesso i commercianti toscani possono lavorare con serenit\u00e0 di prospettiva e senza pi\u00f9 incertezze. Abbiamo consegnato al settore del commercio su aree pubbliche un quadro normativo solido, regole condivise e chiare che restituiscono quelle certezze che sono alla base di ogni investimento, di ogni azione dedicata alla propria impresa \u2013 ha aggiunto <strong>Stefano Ciuoffo<\/strong> \u2013 Noi non pensiamo che questo comparto sia un settore minore, al contrario si tratta di imprese consolidate che costituiscono un valore aggiunto anche per la riqualificazione dei luoghi, delle piazze delle nostre citt\u00e0. Per questo \u00e8 stato fondamentale restituire a queste aziende, fatte di persone, un quadro normativo certo, una cornice di solidit\u00e0 che incoraggia crescita ed investimenti. Ora siamo impegnati a dispiegarne tutte le potenzialit\u00e0\u00bb.<\/p>\n<p><img loading=\"lazy\" decoding=\"async\" class=\"alignleft size-medium wp-image-18595\" src=\"http:\/\/www.gruppopdregionetoscana.it\/web\/wp-content\/uploads\/2019\/06\/conferenzastampacommercio2-300x200.jpg\" alt=\"\" width=\"300\" height=\"200\" srcset=\"https:\/\/www.gruppopdregionetoscana.it\/web\/wp-content\/uploads\/2019\/06\/conferenzastampacommercio2-300x200.jpg 300w, https:\/\/www.gruppopdregionetoscana.it\/web\/wp-content\/uploads\/2019\/06\/conferenzastampacommercio2-1024x683.jpg 1024w, https:\/\/www.gruppopdregionetoscana.it\/web\/wp-content\/uploads\/2019\/06\/conferenzastampacommercio2.jpg 1200w\" sizes=\"auto, (max-width: 300px) 100vw, 300px\" \/>\u00abIn un epoca dove l\u2019incertezza domina \u2013 ha detto <strong>Gianni Anselmi<\/strong> \u2013 noi abbiamo fatto una legge che marca un punto di certezza. E\u2019 una normativa chiara, che parla alle persone che lavorano: abbiamo voluto dare una mano a chi si alza presto la mattina per svolgere la sua attivit\u00e0. Non bastava dire \u201cvia dalla Bolkestein\u201d, bisognava riempire uno spazio normativo che lo Stato non aveva competenza a riempire, quindi per primi in Italia lo abbiamo fatto noi. Averlo fatto rapidamente significa aver dato gi\u00e0 da ora pi\u00f9 valore alle nostre imprese, perch\u00e9 un conto \u00e8 avere una proroga di due anni, un altro \u00e8 sapere che la concessione si rinnova tacitamente di dodici anni in dodici anni, con l\u2019unico requisito dell\u2019iscrizione come impresa attiva alla Camera di commercio. Speriamo di aver aperto una strada anche alle altre Regioni, ci auguriamo che altri, come noi, si pongano l\u2019esigenza di risolvere i problemi di un mondo fatto di persone che lavorano ogni giorno\u00bb.<\/p>\n<p>&nbsp;<\/p>\n<p>Presente alla conferenza stampa anche il rappresentante della storica associazione del centro storico \u201cI Cassettari fiorentini\u201d, <strong>Massimo Lombardi<\/strong>, che ha riferito di come l\u2019approvazione della nuova legge toscana abbia consentito ai propri affiliati di poter investire quasi mezzo milione di euro in investimenti per ammodernare le imprese.<\/p>\n","protected":false},"excerpt":{"rendered":"<p>Gianni Anselmi e Stefano Ciuoffo, insieme ai rappresentanti di Anva-Confesercenti e Fiva-Confcommercio, Maurizio Innocenti e Gianni Picchi hanno tenuto questa mattina una conferenza stampa per fare il punto sulle prospettive del settore dopo la non impugnazione da parte del governo nazionale della nuvoa legge toscana Incassato il \u201ctacito assenso\u201d, con la mancata impugnazione da parte [&hellip;]<\/p>\n","protected":false},"author":1,"featured_media":18592,"comment_status":"closed","ping_status":"closed","sticky":false,"template":"","format":"standard","meta":{"_jetpack_memberships_contains_paid_content":false,"footnotes":""},"categories":[30,957],"tags":[],"class_list":{"0":"post-18591","1":"post","2":"type-post","3":"status-publish","4":"format-standard","5":"has-post-thumbnail","7":"category-comunicati-stampa","8":"category-gianni-anselmi","9":"czr-hentry"},"jetpack_featured_media_url":"https:\/\/www.gruppopdregionetoscana.it\/web\/wp-content\/uploads\/2019\/06\/conferenzastampacommercio.jpg","jetpack_sharing_enabled":true,"_links":{"self":[{"href":"https:\/\/www.gruppopdregionetoscana.it\/web\/wp-json\/wp\/v2\/posts\/18591","targetHints":{"allow":["GET"]}}],"collection":[{"href":"https:\/\/www.gruppopdregionetoscana.it\/web\/wp-json\/wp\/v2\/posts"}],"about":[{"href":"https:\/\/www.gruppopdregionetoscana.it\/web\/wp-json\/wp\/v2\/types\/post"}],"author":[{"embeddable":true,"href":"https:\/\/www.gruppopdregionetoscana.it\/web\/wp-json\/wp\/v2\/users\/1"}],"replies":[{"embeddable":true,"href":"https:\/\/www.gruppopdregionetoscana.it\/web\/wp-json\/wp\/v2\/comments?post=18591"}],"version-history":[{"count":0,"href":"https:\/\/www.gruppopdregionetoscana.it\/web\/wp-json\/wp\/v2\/posts\/18591\/revisions"}],"wp:featuredmedia":[{"embeddable":true,"href":"https:\/\/www.gruppopdregionetoscana.it\/web\/wp-json\/wp\/v2\/media\/18592"}],"wp:attachment":[{"href":"https:\/\/www.gruppopdregionetoscana.it\/web\/wp-json\/wp\/v2\/media?parent=18591"}],"wp:term":[{"taxonomy":"category","embeddable":true,"href":"https:\/\/www.gruppopdregionetoscana.it\/web\/wp-json\/wp\/v2\/categories?post=18591"},{"taxonomy":"post_tag","embeddable":true,"href":"https:\/\/www.gruppopdregionetoscana.it\/web\/wp-json\/wp\/v2\/tags?post=18591"}],"curies":[{"name":"wp","href":"https:\/\/api.w.org\/{rel}","templated":true}]}}