{"id":18609,"date":"2019-06-26T09:42:10","date_gmt":"2019-06-26T07:42:10","guid":{"rendered":"http:\/\/www.gruppopdregionetoscana.it\/web\/?p=18609"},"modified":"2019-06-26T09:42:10","modified_gmt":"2019-06-26T07:42:10","slug":"lavoro-larti-potra-assumere-personale-per-i-centri-la-soddisfazione-di-pieroni-pd-voto-importante-per-tutelare-e-valorizzare-le-professionalita","status":"publish","type":"post","link":"https:\/\/www.gruppopdregionetoscana.it\/web\/lavoro-larti-potra-assumere-personale-per-i-centri-la-soddisfazione-di-pieroni-pd-voto-importante-per-tutelare-e-valorizzare-le-professionalita\/","title":{"rendered":"Lavoro, l\u2019ARTI potr\u00e0 assumere personale per i centri. La soddisfazione di Pieroni (PD): \u201cVoto importante per tutelare e valorizzare le professionalit\u00e0\u201d"},"content":{"rendered":"<p>Approvata questo pomeriggio dall\u2019aula del Consiglio regionale la proposta di legge che prevede l\u2019autorizzazione dell\u2019Agenzia regionale per l\u2019impiego ad assumere, senza espletamento delle procedure di mobilit\u00e0 con contratto a tempo indeterminato e a tempo determinato, personale da destinare ai centri per l\u2019impiego; e a disporre lo scorrimento delle graduatorie in deroga a quanto previsto dalla norma nazionale.<\/p>\n<p><img loading=\"lazy\" decoding=\"async\" class=\"size-thumbnail wp-image-15195 alignright\" src=\"http:\/\/www.gruppopdregionetoscana.it\/web\/wp-content\/uploads\/2017\/03\/PIeroni4ddb9-151x150.jpg\" alt=\"\" width=\"151\" height=\"150\" \/>\u201cDopo il voto unitario, nella scorsa seduta, alla risoluzione da noi proposta proprio sul tema delle assunzioni nei centri per l\u2019impiego e della necessit\u00e0 di tutelare e valorizzare le professionalit\u00e0 che da anni operano nelle strutture toscane, l\u2019approvazione, oggi, di questa proposta di legge \u00e8 un ulteriore, importante, passo in avanti \u2013 commenta <strong>Andrea Pieroni<\/strong>, consigliere regionale,\u00a0 che \u00e8 intervenuto in aula presentando due emendamenti alla proposta di legge \u2013. Come ho gi\u00e0 avuto modo di dire quello raggiunto dalla Toscana, anche grazie al lavoro degli assessori Grieco e Bugli, \u00e8 un risultato anche politico in linea con le priorit\u00e0 che ci siamo dati sin da inizio mandato, su tutte il lavoro che \u00e8 per noi una vera e propria ossessione. I lavoratori dei Centri per l\u2019Impiego sono risorse: da anni, svolgono funzioni pubbliche a pieno titolo pur vivendo nella continua incertezza contrattuale; hanno assunto un ruolo di vera e propria trincea sociale negli anni di pi\u00f9 grave crisi economica avendo in carico decine e decine di persone; svolgono la funzione pi\u00f9 importante dei Centri per l\u2019Impiego che \u00e8 quella di orientamento per giovani, aziende, persone che si trovano senza lavoro ad un\u2019et\u00e0 avanzata. Da sottolineare che i concorsi che si attiveranno saranno finanziati esclusivamente con risorse regionali perch\u00e9, nonostante gli annunci, ancora non sono disponibili i fondi del Governo con cui garantire l\u2019assunzione a tempo indeterminato di 709 persone nei prossimi tre anni\u201d.<\/p>\n<p>Nel testo di legge si prevede, inoltre, che la Regione Toscana, gli enti dipendenti, le aziende e gli enti del servizio sanitario regionale, in deroga a quanto previsto dalla normativa nazionale, possano procedere allo scorrimento delle graduatorie approvate a far data dal 1\u00b0 gennaio 2019.<\/p>\n","protected":false},"excerpt":{"rendered":"<p>Approvata questo pomeriggio dall\u2019aula del Consiglio regionale la proposta di legge che prevede l\u2019autorizzazione dell\u2019Agenzia regionale per l\u2019impiego ad assumere, senza espletamento delle procedure di mobilit\u00e0 con contratto a tempo indeterminato e a tempo determinato, personale da destinare ai centri per l\u2019impiego; e a disporre lo scorrimento delle graduatorie in deroga a quanto previsto dalla [&hellip;]<\/p>\n","protected":false},"author":1,"featured_media":14704,"comment_status":"closed","ping_status":"closed","sticky":false,"template":"","format":"standard","meta":{"_jetpack_memberships_contains_paid_content":false,"footnotes":""},"categories":[970,30],"tags":[],"class_list":{"0":"post-18609","1":"post","2":"type-post","3":"status-publish","4":"format-standard","5":"has-post-thumbnail","7":"category-andrea-pieroni","8":"category-comunicati-stampa","9":"czr-hentry"},"jetpack_featured_media_url":"https:\/\/www.gruppopdregionetoscana.it\/web\/wp-content\/uploads\/2016\/12\/Centri-per-limpiego-2.jpg","jetpack_sharing_enabled":true,"_links":{"self":[{"href":"https:\/\/www.gruppopdregionetoscana.it\/web\/wp-json\/wp\/v2\/posts\/18609","targetHints":{"allow":["GET"]}}],"collection":[{"href":"https:\/\/www.gruppopdregionetoscana.it\/web\/wp-json\/wp\/v2\/posts"}],"about":[{"href":"https:\/\/www.gruppopdregionetoscana.it\/web\/wp-json\/wp\/v2\/types\/post"}],"author":[{"embeddable":true,"href":"https:\/\/www.gruppopdregionetoscana.it\/web\/wp-json\/wp\/v2\/users\/1"}],"replies":[{"embeddable":true,"href":"https:\/\/www.gruppopdregionetoscana.it\/web\/wp-json\/wp\/v2\/comments?post=18609"}],"version-history":[{"count":0,"href":"https:\/\/www.gruppopdregionetoscana.it\/web\/wp-json\/wp\/v2\/posts\/18609\/revisions"}],"wp:featuredmedia":[{"embeddable":true,"href":"https:\/\/www.gruppopdregionetoscana.it\/web\/wp-json\/wp\/v2\/media\/14704"}],"wp:attachment":[{"href":"https:\/\/www.gruppopdregionetoscana.it\/web\/wp-json\/wp\/v2\/media?parent=18609"}],"wp:term":[{"taxonomy":"category","embeddable":true,"href":"https:\/\/www.gruppopdregionetoscana.it\/web\/wp-json\/wp\/v2\/categories?post=18609"},{"taxonomy":"post_tag","embeddable":true,"href":"https:\/\/www.gruppopdregionetoscana.it\/web\/wp-json\/wp\/v2\/tags?post=18609"}],"curies":[{"name":"wp","href":"https:\/\/api.w.org\/{rel}","templated":true}]}}