{"id":18611,"date":"2019-06-26T10:33:08","date_gmt":"2019-06-26T08:33:08","guid":{"rendered":"http:\/\/www.gruppopdregionetoscana.it\/web\/?p=18611"},"modified":"2019-06-26T10:33:08","modified_gmt":"2019-06-26T08:33:08","slug":"lucchesia-nuova-zona-geografica-di-provenienza-protetta-per-il-tartufo-bianco-ok-alla-proposta-di-delibera","status":"publish","type":"post","link":"https:\/\/www.gruppopdregionetoscana.it\/web\/lucchesia-nuova-zona-geografica-di-provenienza-protetta-per-il-tartufo-bianco-ok-alla-proposta-di-delibera\/","title":{"rendered":"Lucchesia, nuova zona geografica di provenienza protetta per il tartufo bianco. Ok alla proposta di delibera"},"content":{"rendered":"<p><img loading=\"lazy\" decoding=\"async\" class=\" wp-image-18612 alignleft\" src=\"http:\/\/www.gruppopdregionetoscana.it\/web\/wp-content\/uploads\/2019\/06\/tartufobianco.jpg\" alt=\"\" width=\"192\" height=\"144\" \/>Una nuova zona geografica di provenienza del tartufo toscano bianco per la Lucchesia. S\u00ec dal Consiglio regionale alla delibera proposta dell&#8217;assessore all&#8217;agricoltura <strong>Marco Remaschi<\/strong>. Soddisfatto <strong>Stefano Baccelli<\/strong>, consigliere regionale Pd e presidente commissione Ambiente nell\u2019assemblea toscana.<\/p>\n<p>\u201cUn atto che nasce dalla votazione di un ordine del giorno che proposi in occasione dell\u2019approvazione delle ultime modifiche alla legge regionale sulla raccolta ed il commercio dei tartufi, un ottimo lavoro portato avanti dall\u2019assessore Remaschi che ringrazio\u00a0 \u2013 commenta Baccelli &#8211; La Lucchesia ha tutte le caratteristiche per rientrare nella categoria di zona geografica, lo abbiamo sostenuto da tanto tempo e ora finalmente questo percorso si concretizza. L\u2019indicazione delle zone \u00e8 una delle vie da seguire per valorizzare sempre di pi\u00f9 la produzione tartuficola regionale. Tracciabilit\u00e0 e certezza della provenienza sono inoltre sempre pi\u00f9 sinonimo di genuinit\u00e0 e qualit\u00e0 del prodotto: lo dobbiamo quindi ai consumatori cos\u00ec come a tartufai e tartuficoltori, per preservare e valorizzare sempre di pi\u00f9 un fiore all\u2019occhiello del nostro territorio \u201d.<\/p>\n<p>&nbsp;<\/p>\n","protected":false},"excerpt":{"rendered":"<p>Una nuova zona geografica di provenienza del tartufo toscano bianco per la Lucchesia. S\u00ec dal Consiglio regionale alla delibera proposta dell&#8217;assessore all&#8217;agricoltura Marco Remaschi. Soddisfatto Stefano Baccelli, consigliere regionale Pd e presidente commissione Ambiente nell\u2019assemblea toscana. \u201cUn atto che nasce dalla votazione di un ordine del giorno che proposi in occasione dell\u2019approvazione delle ultime modifiche [&hellip;]<\/p>\n","protected":false},"author":1,"featured_media":18612,"comment_status":"closed","ping_status":"closed","sticky":false,"template":"","format":"standard","meta":{"_jetpack_memberships_contains_paid_content":false,"footnotes":""},"categories":[30,958],"tags":[1234,1424],"class_list":{"0":"post-18611","1":"post","2":"type-post","3":"status-publish","4":"format-standard","5":"has-post-thumbnail","7":"category-comunicati-stampa","8":"category-stefano-baccelli","9":"tag-lucchesia","10":"tag-tartufo","11":"czr-hentry"},"jetpack_featured_media_url":"https:\/\/www.gruppopdregionetoscana.it\/web\/wp-content\/uploads\/2019\/06\/tartufobianco.jpg","jetpack_sharing_enabled":true,"_links":{"self":[{"href":"https:\/\/www.gruppopdregionetoscana.it\/web\/wp-json\/wp\/v2\/posts\/18611","targetHints":{"allow":["GET"]}}],"collection":[{"href":"https:\/\/www.gruppopdregionetoscana.it\/web\/wp-json\/wp\/v2\/posts"}],"about":[{"href":"https:\/\/www.gruppopdregionetoscana.it\/web\/wp-json\/wp\/v2\/types\/post"}],"author":[{"embeddable":true,"href":"https:\/\/www.gruppopdregionetoscana.it\/web\/wp-json\/wp\/v2\/users\/1"}],"replies":[{"embeddable":true,"href":"https:\/\/www.gruppopdregionetoscana.it\/web\/wp-json\/wp\/v2\/comments?post=18611"}],"version-history":[{"count":0,"href":"https:\/\/www.gruppopdregionetoscana.it\/web\/wp-json\/wp\/v2\/posts\/18611\/revisions"}],"wp:featuredmedia":[{"embeddable":true,"href":"https:\/\/www.gruppopdregionetoscana.it\/web\/wp-json\/wp\/v2\/media\/18612"}],"wp:attachment":[{"href":"https:\/\/www.gruppopdregionetoscana.it\/web\/wp-json\/wp\/v2\/media?parent=18611"}],"wp:term":[{"taxonomy":"category","embeddable":true,"href":"https:\/\/www.gruppopdregionetoscana.it\/web\/wp-json\/wp\/v2\/categories?post=18611"},{"taxonomy":"post_tag","embeddable":true,"href":"https:\/\/www.gruppopdregionetoscana.it\/web\/wp-json\/wp\/v2\/tags?post=18611"}],"curies":[{"name":"wp","href":"https:\/\/api.w.org\/{rel}","templated":true}]}}