{"id":18620,"date":"2019-06-26T12:56:46","date_gmt":"2019-06-26T10:56:46","guid":{"rendered":"http:\/\/www.gruppopdregionetoscana.it\/web\/?p=18620"},"modified":"2019-06-26T12:56:46","modified_gmt":"2019-06-26T10:56:46","slug":"fi-pi-li-concludere-presto-i-lavori-anche-utilizzando-i-cantieri-notturni","status":"publish","type":"post","link":"https:\/\/www.gruppopdregionetoscana.it\/web\/fi-pi-li-concludere-presto-i-lavori-anche-utilizzando-i-cantieri-notturni\/","title":{"rendered":"FI-PI-LI, \u201cConcludere presto i lavori anche utilizzando i cantieri notturni\u201d"},"content":{"rendered":"<p><strong>Approvata all\u2019unanimit\u00e0 mozione bipartisan in Consiglio regionale, primi firmatari Sostegni (Pd) e Stella (Fi)<\/strong><\/p>\n<p>Gli interventi di Enrico Sostegni, Antonio Mazzeo e Francesco Gazzetti<\/p>\n<p>\u201cMettere in atto tutte le misure di propria competenza affinch\u00e9 si possa giungere il prima possibile alla conclusione dei lavori in oggetto e di tutti i prossimi lavori, in modo da ridurre gli inevitabili disagi per l\u2019utenza che percorre l\u2019arteria di grande comunicazione FI-PI-LI, utilizzando allo scopo tutti gli strumenti possibili, primo tra i quali da subito l\u2019attivit\u00e0 di cantiere estesa alle ventiquattro ore giornaliere, ovviamente nel rispetto del quadro di sicurezza generale e del contratto collettivo di lavoro, oltre ad azioni volte ad incentivare le forme di mobilit\u00e0 alternativa\u201d.<\/p>\n<p>Sono questi gli impegni affidati alla giunta da una mozione approvata oggi all\u2019unanimit\u00e0 dal Consiglio regionale, presentata da <strong>Enrico Sostegni<\/strong> (Pd) e <strong>Marco Stella<\/strong> (Fi) e sottoscritta da altri consiglieri di diversi gruppi.<\/p>\n<p>\u00abRiconosciamo che \u00e8 stato fatto dall\u2019assessorato un lavoro importante per limitare i disagi, aumentando il numero di treni, cercando di dirottare sull\u2019A11 i veicoli pesanti per alleggerire il traffico mediante gli sconti\u00a0 \u2013 ha detto <strong>Sostegni<\/strong> intervenendo in aula \u2013 Ma crediamo che bisogna fare uno sforzo ulteriore per quest\u2019arteria fondamentale, che unisce la Toscana centrale con la costa ed il porto di Livorno. Per questo abbiamo chiesto di riprendere in considerazione l\u2019ipotesi dei lavori notturni, senza mettere in discussione la sicurezza per gli operai. Pensiamo \u2013 ha concluso Sostegni \u2013 che vada fatto tutto ci\u00f2 che \u00e8 possibile fare, sia per i lavori in corso sulla FI-PI-LI che per i cantieri che si programmeranno in futuro\u00bb.<\/p>\n<p>\u00abOltre alle motivazioni ricordate dai colleghi \u2013 ha detto il consigliere Pd e presidente della commissione Costa <strong>Antonio Mazzeo<\/strong> \u2013 intervenire \u00e8 importante anche per il tessuto di piccole imprese del litorale che, proprio nel periodo estivo, sono m\u00e8ta degli spostamenti lungo la superstrada, soprattutto durante i fine settimana. Voglio ricordare al collega Stella di non sottovaluare l&#8217;economia legata al turismo balneare e anche per questo, dunque, \u00e8 importante produrre uno sforzo maggiore per cercare di ridurre al minimo i disagi\u00bb.<\/p>\n<p>\u00abQuesta mozione rappresenta un contributo importante, uno stimolo a fare meglio perch\u00e9 si pu\u00f2 sempre migliorare\u00bb \u2013 ha aggiunto il consigliere Pd <strong>Francesco Gazzetti<\/strong>. \u00abDa utilizzatore quotidiano della Fipili non posso che sottoscrivere e sostenere questo atto. Lo faccio sottolineando la necessit\u00e0 di trovare il miglior equilibrio possibile tra la realizzazione di interventi e lavori e la possibilit\u00e0 che i disagi siano ridotti davvero al minimo possibile. Ringrazio dunque i promotori di questo testo cos\u00ec attento alle necessit\u00e0 della cittadinanza, sicuro che l&#8217;assessore Ceccarelli, come nel caso del superamento delle problematiche legate al tratto di penetrazione al porto della superstrada, sapr\u00e0 individuare le soluzioni pi\u00f9 idonee ed efficaci\u00bb.<\/p>\n<p>&nbsp;<\/p>\n","protected":false},"excerpt":{"rendered":"<p>Approvata all\u2019unanimit\u00e0 mozione bipartisan in Consiglio regionale, primi firmatari Sostegni (Pd) e Stella (Fi) Gli interventi di Enrico Sostegni, Antonio Mazzeo e Francesco Gazzetti \u201cMettere in atto tutte le misure di propria competenza affinch\u00e9 si possa giungere il prima possibile alla conclusione dei lavori in oggetto e di tutti i prossimi lavori, in modo da [&hellip;]<\/p>\n","protected":false},"author":1,"featured_media":18569,"comment_status":"closed","ping_status":"closed","sticky":false,"template":"","format":"standard","meta":{"_jetpack_memberships_contains_paid_content":false,"footnotes":""},"categories":[966,30,972,1002],"tags":[],"class_list":{"0":"post-18620","1":"post","2":"type-post","3":"status-publish","4":"format-standard","5":"has-post-thumbnail","7":"category-antonio-mazzeo","8":"category-comunicati-stampa","9":"category-enrico-sostegni","10":"category-francesco-gazzetti","11":"czr-hentry"},"jetpack_featured_media_url":"https:\/\/www.gruppopdregionetoscana.it\/web\/wp-content\/uploads\/2019\/06\/fipili-cantiere.jpg","jetpack_sharing_enabled":true,"_links":{"self":[{"href":"https:\/\/www.gruppopdregionetoscana.it\/web\/wp-json\/wp\/v2\/posts\/18620","targetHints":{"allow":["GET"]}}],"collection":[{"href":"https:\/\/www.gruppopdregionetoscana.it\/web\/wp-json\/wp\/v2\/posts"}],"about":[{"href":"https:\/\/www.gruppopdregionetoscana.it\/web\/wp-json\/wp\/v2\/types\/post"}],"author":[{"embeddable":true,"href":"https:\/\/www.gruppopdregionetoscana.it\/web\/wp-json\/wp\/v2\/users\/1"}],"replies":[{"embeddable":true,"href":"https:\/\/www.gruppopdregionetoscana.it\/web\/wp-json\/wp\/v2\/comments?post=18620"}],"version-history":[{"count":0,"href":"https:\/\/www.gruppopdregionetoscana.it\/web\/wp-json\/wp\/v2\/posts\/18620\/revisions"}],"wp:featuredmedia":[{"embeddable":true,"href":"https:\/\/www.gruppopdregionetoscana.it\/web\/wp-json\/wp\/v2\/media\/18569"}],"wp:attachment":[{"href":"https:\/\/www.gruppopdregionetoscana.it\/web\/wp-json\/wp\/v2\/media?parent=18620"}],"wp:term":[{"taxonomy":"category","embeddable":true,"href":"https:\/\/www.gruppopdregionetoscana.it\/web\/wp-json\/wp\/v2\/categories?post=18620"},{"taxonomy":"post_tag","embeddable":true,"href":"https:\/\/www.gruppopdregionetoscana.it\/web\/wp-json\/wp\/v2\/tags?post=18620"}],"curies":[{"name":"wp","href":"https:\/\/api.w.org\/{rel}","templated":true}]}}