{"id":18681,"date":"2019-07-16T17:27:50","date_gmt":"2019-07-16T15:27:50","guid":{"rendered":"http:\/\/www.gruppopdregionetoscana.it\/web\/?p=18681"},"modified":"2019-07-16T17:27:50","modified_gmt":"2019-07-16T15:27:50","slug":"agricoltura-anselmi-pd-approvati-due-provvedimenti-importanti-anche-per-il-nostro-territorio","status":"publish","type":"post","link":"https:\/\/www.gruppopdregionetoscana.it\/web\/agricoltura-anselmi-pd-approvati-due-provvedimenti-importanti-anche-per-il-nostro-territorio\/","title":{"rendered":"Agricoltura, Anselmi (PD): \u201cApprovati due provvedimenti importanti anche per il nostro territorio\u201d"},"content":{"rendered":"<p><em>Via libera alla legge sui distretti biologici e alle indennit\u00e0 per le aziende dei settori pi\u00f9 colpiti da maltempo (api, ciliegie e pomodoro)<\/em><\/p>\n<p>\u201cDue provvedimenti diversi ma ugualmente importanti \u2013 spiega <strong>Gianni Anselmi<\/strong>, presidente della commissione Sviluppo rurale \u2013 che interessano da vicino anche il territorio della Val di Cornia. Il primo, la legge sui distretti biologici, \u00e8 la naturale declinazione della norma sui distretti rurali dalla quale \u00e8 nato il Distretto Agroalimentare della Toscana del Sud e ha l\u2019obiettivo di consentire ai territori impegnati sulla strada del biologico di svilupparsi e crescere in ottica distrettuale. Il secondo, racchiude le misure eccezionali a sostegno delle imprese agricole che operano nei settori maggiormente colpiti dal maltempo negli ultimi mesi, ovvero: l\u2019apicoltura, la produzione di ciliegie, la produzione e trasformazione del pomodoro; sono interventi che sommano 4milioni e 300mila euro messi a disposizione delle aziende, finalizzati a rafforzare le linee del microcredito, a garantire la copertura delle commissioni di garanzia ed erogare contributi in conto capitale affinch\u00e9 queste realt\u00e0 produttive possano rifarsi dei danni subiti. Dobbiamo favorirne il rilancio e lo sviluppo\u201d.<\/p>\n<p>LEGGE DISTRETTI BIOLOGICI<\/p>\n<p>A legge definisce cos\u00ec un distretto biologico: sistema produttivo locale, anche di carattere interprovinciale, a spiccata vocazione agricola biologica che rispetta i criteri di sostenibilit\u00e0 ambientale, conservazione del suolo agricolo e tutela dell\u2019agrobiodiversit\u00e0. Tra i requisiti indispensabili per il riconoscimento, oltre ad una superficie minima condotta con metodo biologico pari almeno al trenta per cento rispetto alla superficie utilizzata nel distretto, devono esserci un numero minimo di produttori, si parla di almeno tre imprenditori agricoli biologici, deve essere creata l\u2019assemblea di distretto e tutto deve essere volto a favorire l\u2019incremento del biologico e a disincentivare l\u2019utilizzo di prodotti fitosanitari.<\/p>\n<p>Nel modello di distretto si prevede un accordo tra agricoltori, cittadini, operatori turistici, associazioni e pubbliche amministrazioni per la gestione sostenibile delle risorse locali, partendo dal modello biologico di produzione e consumo. Con questa proposta di legge si istituisce poi il tavolo tecnico regionale dei distretti biologici che sar\u00e0 convocato almeno due volte l\u2019anno per il coordinamento e il monitoraggio delle loro attivit\u00e0.<\/p>\n<p>MISURE ECCEZIONALI A SOSTEGNO DELLE IMPRESE AGRICOLE<\/p>\n<p>La norma autorizza la Giunta regionale ad attivare misure urgenti di microcredito, di abbattimento dei costi delle commissioni di garanzia e di concessione di contributi in conto interessi in favore delle imprese agricole di apicoltura, di produzione di pomodori da industria e di ciliegie, nonch\u00e9 delle imprese operanti nel settore della trasformazione del pomodoro da industria aventi almeno una sede produttiva in Toscana. Gli aiuti sono concessi alle imprese in regime \u201cde minimis\u201d (gli aiuti concessi alla medesima impresa, sommati fra di loro, non devono superare il limite massimo di 200mila euro in tre anni). Entro trenta giorni dalla data di entrata in vigore della legge, la Giunta regionale dovr\u00e0 stabilire i criteri e le modalit\u00e0 di concessione degli aiuti, quali le tipologie di spese ammissibili e le modalit\u00e0 di erogazione.<\/p>\n","protected":false},"excerpt":{"rendered":"<p>Via libera alla legge sui distretti biologici e alle indennit\u00e0 per le aziende dei settori pi\u00f9 colpiti da maltempo (api, ciliegie e pomodoro) \u201cDue provvedimenti diversi ma ugualmente importanti \u2013 spiega Gianni Anselmi, presidente della commissione Sviluppo rurale \u2013 che interessano da vicino anche il territorio della Val di Cornia. Il primo, la legge sui [&hellip;]<\/p>\n","protected":false},"author":1,"featured_media":13443,"comment_status":"closed","ping_status":"closed","sticky":false,"template":"","format":"standard","meta":{"_jetpack_memberships_contains_paid_content":false,"footnotes":""},"categories":[30,957],"tags":[],"class_list":{"0":"post-18681","1":"post","2":"type-post","3":"status-publish","4":"format-standard","5":"has-post-thumbnail","7":"category-comunicati-stampa","8":"category-gianni-anselmi","9":"czr-hentry"},"jetpack_featured_media_url":"https:\/\/www.gruppopdregionetoscana.it\/web\/wp-content\/uploads\/2016\/07\/Gianni1.jpg","jetpack_sharing_enabled":true,"_links":{"self":[{"href":"https:\/\/www.gruppopdregionetoscana.it\/web\/wp-json\/wp\/v2\/posts\/18681","targetHints":{"allow":["GET"]}}],"collection":[{"href":"https:\/\/www.gruppopdregionetoscana.it\/web\/wp-json\/wp\/v2\/posts"}],"about":[{"href":"https:\/\/www.gruppopdregionetoscana.it\/web\/wp-json\/wp\/v2\/types\/post"}],"author":[{"embeddable":true,"href":"https:\/\/www.gruppopdregionetoscana.it\/web\/wp-json\/wp\/v2\/users\/1"}],"replies":[{"embeddable":true,"href":"https:\/\/www.gruppopdregionetoscana.it\/web\/wp-json\/wp\/v2\/comments?post=18681"}],"version-history":[{"count":0,"href":"https:\/\/www.gruppopdregionetoscana.it\/web\/wp-json\/wp\/v2\/posts\/18681\/revisions"}],"wp:featuredmedia":[{"embeddable":true,"href":"https:\/\/www.gruppopdregionetoscana.it\/web\/wp-json\/wp\/v2\/media\/13443"}],"wp:attachment":[{"href":"https:\/\/www.gruppopdregionetoscana.it\/web\/wp-json\/wp\/v2\/media?parent=18681"}],"wp:term":[{"taxonomy":"category","embeddable":true,"href":"https:\/\/www.gruppopdregionetoscana.it\/web\/wp-json\/wp\/v2\/categories?post=18681"},{"taxonomy":"post_tag","embeddable":true,"href":"https:\/\/www.gruppopdregionetoscana.it\/web\/wp-json\/wp\/v2\/tags?post=18681"}],"curies":[{"name":"wp","href":"https:\/\/api.w.org\/{rel}","templated":true}]}}