{"id":18684,"date":"2019-07-17T14:52:30","date_gmt":"2019-07-17T12:52:30","guid":{"rendered":"http:\/\/www.gruppopdregionetoscana.it\/web\/?p=18684"},"modified":"2019-07-17T14:52:30","modified_gmt":"2019-07-17T12:52:30","slug":"autopalio-bezzini-spinge-sulla-mobilitazione-non-ce-piu-tempo-se-entro-settembre-da-anas-non-arriveranno-le-risposte-servira-un-nuovo-siena-firenze-day","status":"publish","type":"post","link":"https:\/\/www.gruppopdregionetoscana.it\/web\/autopalio-bezzini-spinge-sulla-mobilitazione-non-ce-piu-tempo-se-entro-settembre-da-anas-non-arriveranno-le-risposte-servira-un-nuovo-siena-firenze-day\/","title":{"rendered":"Autopalio, Bezzini  spinge sulla mobilitazione: \u201cNon c\u2019\u00e8 pi\u00f9 tempo. Se entro settembre da Anas  non arriveranno le risposte servir\u00e0 un nuovo Siena-Firenze Day\u201d"},"content":{"rendered":"<p><em>Il consigliere condivide le preoccupazioni dei sindaci e ha predisposto una mozione <\/em><\/p>\n<p><em>\u00a0<\/em>La manutenzione\u00a0 e l\u2019adeguamento dell\u2019Autopalio non possono pi\u00f9 aspettare. A richiamare ancora una volta l\u2019attenzione sull\u2019urgenza che Anas\u00a0 delinei al pi\u00f9 presto un programma di interventi con date e tempi certi \u00e8 il <strong>consigliere del Pd in Regione Simone Bezzini<\/strong> che lancia l\u2019idea di una giornata di mobilitazione generale se entro settembre non verranno prese le misure richieste. \u201cStiamo assistendo\u00a0 ad un rallentamento degli interventi e al blocco del cantiere di Falciani che crea enorme disagio Se non ci saranno risposte entro breve &#8211; spiega Bezzini- promuoveremo con i sindaci una nuova giornata di lotta, come si fece nel 2010 con il\u00a0 Siena- Firenze Day quando i presidenti di provincia insieme ai sindaci e ai rappresentati dei territori\u00a0 si mobilitarono con un presidio ad ogni uscita, per protestare contro l\u2019introduzione del pedaggio\u00a0 e per chiedere un programma di interventi\u201d. Per sollecitare ancora una volta Anas <strong>il consigliere Simone Bezzini<\/strong>\u00a0 ha appena depositato una mozione di cui \u00e8 primo firmatario in cui si chiede alla giunta un impegno per assumere ogni iniziativa utile nei confronti di ANAS per arrivare velocemente alla presentazione di un complessivo programma di interventi con tempi\u00a0 e risorse definite, a sollecitare sempre Anas per riprendere i lavori sul Viadotto dei Falciani e per eliminare il restringimento di carreggiata all\u2019altezza di badesse in direzione Siena e a chiedere ad Anas una verifica puntuale per sapere i motivi per cui, anche nei luoghi dove sono stati eseguiti recentemente dei lavori, si verificano nuovamente fenomeni di deterioramento del manto stradale. \u201cDurante gli anni del governo del centro sinistra- <strong>spiega Simone Bezzini<\/strong>&#8211; sono stati\u00a0 stanziati circa 65 milioni per la Firenze- Siena. E\u2019 la stessa Anas che lo dice. Ma non basta .\u00a0 Il nuovo governo non pu\u00f2 continuare ad essere latitante sul tema delle infrastrutture. Servono impegni concreti sulla Siena \u2013 Firenze, ma anche sul completamento della Due Mari e la Cassia.\u00a0 Bene stanno facendo i sindaci\u00a0\u00a0 che hanno acceso i riflettori sull\u2019Autopalio. Condivido la loro preoccupazione per la sicurezza dell\u2019infrastruttura \u2013 <strong>conclude Bezzini<\/strong> &#8211; e per la necessit\u00e0 che i lavori riprendano tempestivamente, al fine in primo luogo di scongiurare incidenti causati dalle condizioni precarie in cui versa l\u2019infrastruttura , ma anche per bloccare il notevole aumento di traffico all\u2019interno dei centri urbani, che vengono utilizzati inevitabilmente come vie alternative\u201d<\/p>\n","protected":false},"excerpt":{"rendered":"<p>Il consigliere condivide le preoccupazioni dei sindaci e ha predisposto una mozione \u00a0La manutenzione\u00a0 e l\u2019adeguamento dell\u2019Autopalio non possono pi\u00f9 aspettare. A richiamare ancora una volta l\u2019attenzione sull\u2019urgenza che Anas\u00a0 delinei al pi\u00f9 presto un programma di interventi con date e tempi certi \u00e8 il consigliere del Pd in Regione Simone Bezzini che lancia l\u2019idea [&hellip;]<\/p>\n","protected":false},"author":1,"featured_media":15503,"comment_status":"closed","ping_status":"closed","sticky":false,"template":"","format":"standard","meta":{"_jetpack_memberships_contains_paid_content":false,"footnotes":""},"categories":[30,956],"tags":[1327,48,2084],"class_list":{"0":"post-18684","1":"post","2":"type-post","3":"status-publish","4":"format-standard","5":"has-post-thumbnail","7":"category-comunicati-stampa","8":"category-simone-bezzini","9":"tag-autopalio","10":"tag-infrastrutture","11":"tag-siena-firenze","12":"czr-hentry"},"jetpack_featured_media_url":"https:\/\/www.gruppopdregionetoscana.it\/web\/wp-content\/uploads\/2017\/04\/Simone-Bezzini.jpg","jetpack_sharing_enabled":true,"_links":{"self":[{"href":"https:\/\/www.gruppopdregionetoscana.it\/web\/wp-json\/wp\/v2\/posts\/18684","targetHints":{"allow":["GET"]}}],"collection":[{"href":"https:\/\/www.gruppopdregionetoscana.it\/web\/wp-json\/wp\/v2\/posts"}],"about":[{"href":"https:\/\/www.gruppopdregionetoscana.it\/web\/wp-json\/wp\/v2\/types\/post"}],"author":[{"embeddable":true,"href":"https:\/\/www.gruppopdregionetoscana.it\/web\/wp-json\/wp\/v2\/users\/1"}],"replies":[{"embeddable":true,"href":"https:\/\/www.gruppopdregionetoscana.it\/web\/wp-json\/wp\/v2\/comments?post=18684"}],"version-history":[{"count":0,"href":"https:\/\/www.gruppopdregionetoscana.it\/web\/wp-json\/wp\/v2\/posts\/18684\/revisions"}],"wp:featuredmedia":[{"embeddable":true,"href":"https:\/\/www.gruppopdregionetoscana.it\/web\/wp-json\/wp\/v2\/media\/15503"}],"wp:attachment":[{"href":"https:\/\/www.gruppopdregionetoscana.it\/web\/wp-json\/wp\/v2\/media?parent=18684"}],"wp:term":[{"taxonomy":"category","embeddable":true,"href":"https:\/\/www.gruppopdregionetoscana.it\/web\/wp-json\/wp\/v2\/categories?post=18684"},{"taxonomy":"post_tag","embeddable":true,"href":"https:\/\/www.gruppopdregionetoscana.it\/web\/wp-json\/wp\/v2\/tags?post=18684"}],"curies":[{"name":"wp","href":"https:\/\/api.w.org\/{rel}","templated":true}]}}