{"id":18783,"date":"2019-08-09T11:52:12","date_gmt":"2019-08-09T09:52:12","guid":{"rendered":"http:\/\/www.gruppopdregionetoscana.it\/web\/?p=18783"},"modified":"2019-08-09T11:52:12","modified_gmt":"2019-08-09T09:52:12","slug":"commercio-incrementare-le-risorse-per-i-centri-naturali-e-attivare-misure-per-montagna-e-isole","status":"publish","type":"post","link":"https:\/\/www.gruppopdregionetoscana.it\/web\/commercio-incrementare-le-risorse-per-i-centri-naturali-e-attivare-misure-per-montagna-e-isole\/","title":{"rendered":"Commercio, \u201cIncrementare le risorse per i centri naturali e attivare misure per montagna e isole\u201d"},"content":{"rendered":"<p><strong>Mozione Pd di Simone Bezzini e Marco Niccolai spinge la giunta regionale a continuare il buon lavoro avviato<\/strong><\/p>\n<p>\u201cAmpliare ulteriormente le azioni di qualificazione e valorizzazione dei luoghi del commercio, potenziando i percorsi volti a promuovere la nascita e il consolidamento dei Centri commerciali Naturali; promuovere misure per favorire l\u2019insediamento ed il mantenimento degli empori polifunzionali, con particolare attenzione\u00a0 ai comuni montani, insulari, nonch\u00e9 negli ambiti territoriali interessati da fenomeni di rarefazione del sistema distributivo e dei servizi;\u201d.<\/p>\n<p>Sono questi gli impegni per la giunta toscana previsti da una mozione presentata dai consiglieri regionali Pd <strong>Simone Bezzini<\/strong> e <strong>Marco Niccolai<\/strong>.<\/p>\n<p>\u00abLa riforma del commercio approvata poco pi\u00f9 di un anno fa \u2013 spiega <strong>Bezzini<\/strong> \u2013 offre molte opportunit\u00e0 per quanto concerne la qualificazione e la valorizzazione dei luoghi del commercio, a partire dai Centri Commerciali Naturali, con la possibilit\u00e0 di attivare interventi in favore di aree comunali ritenute di particolare interesse, individuate in relazione al loro valore e pregio o, viceversa, alla particolare fragilit\u00e0 commerciale o alla presenza di fenomeni di degrado urbano, sia attraverso percorsi di rigenerazione urbana, sia attraverso programmi di qualificazione della rete commerciale. La giunta regionale ha gi\u00e0 messo in campo alcune sperimentazioni e indetto bandi per finanziare progetti in questo campo. Noi crediamo che sia la strada giusta e che ci sia bisogno di irrobustire le risorse dedicate a questo capitolo, perch\u00e9 il commercio per le nostre citt\u00e0, piccole o grandi, svolge una funzione non solo economica, perch\u00e9 pu\u00f2 rappresentare un argine a forme di incuria e abbandono\u00bb.<\/p>\n<p>\u00abNel Codice del commercio della Regione \u2013 aggiunge <strong>Niccolai<\/strong> \u2013 sono inoltre previste misure per facilitare la nascita e lo sviluppo dei cosiddetti empori multifunzionali nei comuni montani, insulari e nelle aree \u201cmarginali\u201d della Toscana, misure introdotte da un emendamento presentato proprio dal sottoscritto. Crediamo che questo sia uno dei punti decisivi della riforma, perch\u00e9 proprio in queste parti del nostro territorio la presenza di attivit\u00e0 commerciali costituisce un deterrente allo spopolamento. La nostra mozione vuole essere quindi uno stimolo ulteriore a continuare il buon lavoro gi\u00e0 avviato dal Consiglio e dalla giunta, prevedendo finanziamenti nei prossimi interventi di bilancio\u00bb.<\/p>\n","protected":false},"excerpt":{"rendered":"<p>Mozione Pd di Simone Bezzini e Marco Niccolai spinge la giunta regionale a continuare il buon lavoro avviato \u201cAmpliare ulteriormente le azioni di qualificazione e valorizzazione dei luoghi del commercio, potenziando i percorsi volti a promuovere la nascita e il consolidamento dei Centri commerciali Naturali; promuovere misure per favorire l\u2019insediamento ed il mantenimento degli empori [&hellip;]<\/p>\n","protected":false},"author":1,"featured_media":18784,"comment_status":"closed","ping_status":"closed","sticky":false,"template":"","format":"standard","meta":{"_jetpack_memberships_contains_paid_content":false,"footnotes":""},"categories":[30,969,956],"tags":[],"class_list":{"0":"post-18783","1":"post","2":"type-post","3":"status-publish","4":"format-standard","5":"has-post-thumbnail","7":"category-comunicati-stampa","8":"category-marco-niccolai","9":"category-simone-bezzini","10":"czr-hentry"},"jetpack_featured_media_url":"https:\/\/www.gruppopdregionetoscana.it\/web\/wp-content\/uploads\/2019\/08\/bezzini-niccolai.jpg","jetpack_sharing_enabled":true,"_links":{"self":[{"href":"https:\/\/www.gruppopdregionetoscana.it\/web\/wp-json\/wp\/v2\/posts\/18783","targetHints":{"allow":["GET"]}}],"collection":[{"href":"https:\/\/www.gruppopdregionetoscana.it\/web\/wp-json\/wp\/v2\/posts"}],"about":[{"href":"https:\/\/www.gruppopdregionetoscana.it\/web\/wp-json\/wp\/v2\/types\/post"}],"author":[{"embeddable":true,"href":"https:\/\/www.gruppopdregionetoscana.it\/web\/wp-json\/wp\/v2\/users\/1"}],"replies":[{"embeddable":true,"href":"https:\/\/www.gruppopdregionetoscana.it\/web\/wp-json\/wp\/v2\/comments?post=18783"}],"version-history":[{"count":0,"href":"https:\/\/www.gruppopdregionetoscana.it\/web\/wp-json\/wp\/v2\/posts\/18783\/revisions"}],"wp:featuredmedia":[{"embeddable":true,"href":"https:\/\/www.gruppopdregionetoscana.it\/web\/wp-json\/wp\/v2\/media\/18784"}],"wp:attachment":[{"href":"https:\/\/www.gruppopdregionetoscana.it\/web\/wp-json\/wp\/v2\/media?parent=18783"}],"wp:term":[{"taxonomy":"category","embeddable":true,"href":"https:\/\/www.gruppopdregionetoscana.it\/web\/wp-json\/wp\/v2\/categories?post=18783"},{"taxonomy":"post_tag","embeddable":true,"href":"https:\/\/www.gruppopdregionetoscana.it\/web\/wp-json\/wp\/v2\/tags?post=18783"}],"curies":[{"name":"wp","href":"https:\/\/api.w.org\/{rel}","templated":true}]}}