{"id":18795,"date":"2019-09-10T12:36:37","date_gmt":"2019-09-10T10:36:37","guid":{"rendered":"http:\/\/www.gruppopdregionetoscana.it\/web\/?p=18795"},"modified":"2019-09-10T12:38:15","modified_gmt":"2019-09-10T10:38:15","slug":"svastica-sui-gradini-del-museo-del-novecento-monni-grave-sfregio-alla-memoria-collettiva-in-luogo-simbolo-della-citta","status":"publish","type":"post","link":"https:\/\/www.gruppopdregionetoscana.it\/web\/svastica-sui-gradini-del-museo-del-novecento-monni-grave-sfregio-alla-memoria-collettiva-in-luogo-simbolo-della-citta\/","title":{"rendered":"Svastica sui gradini del Museo del Novecento, Monni: \u201cGrave sfregio alla memoria collettiva  in luogo simbolo della citt\u00e0\u201d"},"content":{"rendered":"<p><em>La vice capogruppo\u00a0 condanna l\u2019ignobile gesto: \u201cNon pu\u00f2 e non deve passare inosservato\u201d<\/em><\/p>\n<p>\u201cLa svastica apparsa sulle scalinate del Museo Novecento a Firenze rappresenta uno sfregio gravissimo alla memoria collettiva che non pu\u00f2 e non deve passare inosservato. Un gesto orribile e non certamente casuale perch\u00e9 compiuto in un luogo simbolo della citt\u00e0 di Firenze. Nel marzo 1944, a seguito dello sciopero generale sostenuto dal Comitato di liberazione nazionale, 338 uomini provenienti dalle principali fabbriche di Firenze, Empoli, Montelupo e Prato furono arrestati e condotti, per ordine delle autorit\u00e0 tedesche e per mano della Guardia nazionale repubblicana, nel centro di raccolta delle scuole Leopoldine in piazza Santa Maria Novella (oggi sede del Museo Novecento). Fu l\u2019anticamera alla loro deportazione, su un treno composto da carri bestiame in partenza dalla stazione di Santa Maria Novella,\u00a0 verso il campo di concentramento di Mauthausen. Solamente 64 di loro riuscirono a fare ritorno a casa e alle loro famiglie\u201d.<\/p>\n<p><strong>Cos\u00ec la vice capogruppo del Pd in regione Monia Monni<\/strong>\u00a0 commenta il grave episodio della svastica disegnata sui gradini di accesso del Museo del Novecento di Firenze, nei pressi della lapide che ricorda le deportazioni nazifasciste<\/p>\n<p>\u201cChi ha commesso questo gesto- <strong>aggiunge Monia Monni<\/strong>&#8211;\u00a0 si \u00e8 macchiato di un\u2019offesa gravissima ai danni dei familiari delle vittime e della citt\u00e0 di Firenze, Medaglia d\u2019Oro per la Resistenza, e confido possa essere assicurato alla giustizia. La memoria condivisa non pu\u00f2 essere calpestata da predicatori di odio che ancora oggi inneggiano a quel totalitarismo nazi-fascista che rappresenta il volto pi\u00f9 scuro e buio della storia dell\u2019umanit\u00e0. Desidero ringraziare il direttore del museo Novecento, Sergio Risaliti per aver subito denunciato l\u2019accaduto e condannato duramente il gesto e Alessio Ducci, Presidente della sezione ANED di Firenze, per avermi prontamente informata. A loro, in particolare, va il mio sincero ringraziamento per il lavoro in difesa della memoria che quotidianamente conducono nel segno dei valori che animano le Costituzione italiana e che nascono dalla lotta di resistenza antifascista\u201d.<\/p>\n","protected":false},"excerpt":{"rendered":"<p>La vice capogruppo\u00a0 condanna l\u2019ignobile gesto: \u201cNon pu\u00f2 e non deve passare inosservato\u201d \u201cLa svastica apparsa sulle scalinate del Museo Novecento a Firenze rappresenta uno sfregio gravissimo alla memoria collettiva che non pu\u00f2 e non deve passare inosservato. Un gesto orribile e non certamente casuale perch\u00e9 compiuto in un luogo simbolo della citt\u00e0 di Firenze. [&hellip;]<\/p>\n","protected":false},"author":1,"featured_media":18584,"comment_status":"closed","ping_status":"closed","sticky":false,"template":"","format":"standard","meta":{"_jetpack_memberships_contains_paid_content":false,"footnotes":""},"categories":[30,955],"tags":[604,1588,2147,2146],"class_list":{"0":"post-18795","1":"post","2":"type-post","3":"status-publish","4":"format-standard","5":"has-post-thumbnail","7":"category-comunicati-stampa","8":"category-monia-monni","9":"tag-aned-firenze","10":"tag-fascismo","11":"tag-museo-del-novecento","12":"tag-svastica","13":"czr-hentry"},"jetpack_featured_media_url":"https:\/\/www.gruppopdregionetoscana.it\/web\/wp-content\/uploads\/2019\/06\/Monni.jpg","jetpack_sharing_enabled":true,"_links":{"self":[{"href":"https:\/\/www.gruppopdregionetoscana.it\/web\/wp-json\/wp\/v2\/posts\/18795","targetHints":{"allow":["GET"]}}],"collection":[{"href":"https:\/\/www.gruppopdregionetoscana.it\/web\/wp-json\/wp\/v2\/posts"}],"about":[{"href":"https:\/\/www.gruppopdregionetoscana.it\/web\/wp-json\/wp\/v2\/types\/post"}],"author":[{"embeddable":true,"href":"https:\/\/www.gruppopdregionetoscana.it\/web\/wp-json\/wp\/v2\/users\/1"}],"replies":[{"embeddable":true,"href":"https:\/\/www.gruppopdregionetoscana.it\/web\/wp-json\/wp\/v2\/comments?post=18795"}],"version-history":[{"count":0,"href":"https:\/\/www.gruppopdregionetoscana.it\/web\/wp-json\/wp\/v2\/posts\/18795\/revisions"}],"wp:featuredmedia":[{"embeddable":true,"href":"https:\/\/www.gruppopdregionetoscana.it\/web\/wp-json\/wp\/v2\/media\/18584"}],"wp:attachment":[{"href":"https:\/\/www.gruppopdregionetoscana.it\/web\/wp-json\/wp\/v2\/media?parent=18795"}],"wp:term":[{"taxonomy":"category","embeddable":true,"href":"https:\/\/www.gruppopdregionetoscana.it\/web\/wp-json\/wp\/v2\/categories?post=18795"},{"taxonomy":"post_tag","embeddable":true,"href":"https:\/\/www.gruppopdregionetoscana.it\/web\/wp-json\/wp\/v2\/tags?post=18795"}],"curies":[{"name":"wp","href":"https:\/\/api.w.org\/{rel}","templated":true}]}}