{"id":19008,"date":"2019-11-05T18:36:14","date_gmt":"2019-11-05T17:36:14","guid":{"rendered":"https:\/\/www.gruppopdregionetoscana.it\/web\/?p=19008"},"modified":"2019-11-05T18:36:16","modified_gmt":"2019-11-05T17:36:16","slug":"arpat-approvata-la-riforma-stefano-baccelli-raggiunto-punto-di-equilibrio-che-consente-di-chiarire-natura-giuridica-e-salvaguardare-lavoro","status":"publish","type":"post","link":"https:\/\/www.gruppopdregionetoscana.it\/web\/arpat-approvata-la-riforma-stefano-baccelli-raggiunto-punto-di-equilibrio-che-consente-di-chiarire-natura-giuridica-e-salvaguardare-lavoro\/","title":{"rendered":"Arpat, Approvata la riforma Stefano Baccelli: \u201cRaggiunto punto di equilibrio che consente di chiarire natura giuridica e salvaguardare lavoro\u201d"},"content":{"rendered":"\n<p><img loading=\"lazy\" decoding=\"async\" class=\"alignleft size-medium wp-image-13217\" src=\"https:\/\/www.gruppopdregionetoscana.it\/web\/wp-content\/uploads\/2016\/06\/Schermata-2016-06-21-alle-17.33.26-300x188.png\" alt=\"\" width=\"300\" height=\"188\" srcset=\"https:\/\/www.gruppopdregionetoscana.it\/web\/wp-content\/uploads\/2016\/06\/Schermata-2016-06-21-alle-17.33.26-300x188.png 300w, https:\/\/www.gruppopdregionetoscana.it\/web\/wp-content\/uploads\/2016\/06\/Schermata-2016-06-21-alle-17.33.26-1024x640.png 1024w, https:\/\/www.gruppopdregionetoscana.it\/web\/wp-content\/uploads\/2016\/06\/Schermata-2016-06-21-alle-17.33.26.png 1296w\" sizes=\"auto, (max-width: 300px) 100vw, 300px\" \/>La nuova Arpat avr\u00e0 pi\u00f9 autonomia organizzativa e gestionale e potr\u00e0 contare anche su un rafforzamento della pianta organica nel triennio 2019-2021. La riforma dell\u2019Agenzia toscana per la protezione ambientale \u00e8 legge, grazie al voto espresso oggi dal Consiglio regionale (19 favorevoli, 11 astenuti, nessun voto contrario).<\/p>\n<p>Il provvedimento \u00e8 stato illustrato da <strong>Stefano Baccelli <\/strong>(Pd), presidente della commissione Ambiente e Territorio, ed \u00e8 approdato in Aula con un testo rivisitato soprattutto sotto il profilo delle funzioni, delle finalit\u00e0 e della natura. La proposta inizialmente formulata dalla giunta regionale \u00e8 stata infatti modificata con emendamenti presentati in commissione dallo stesso presidente Baccelli.<\/p>\n<p>\u00abDopo un lungo lavoro in commissione \u2013 ha detto Baccelli \u2013 che ha raccolto il contributo dei sindacati, del personale dell\u2019agenzia e delle associazioni ambientaliste, possiamo affermare di aver raggiunto un giusto punto di equilibrio. Il combinato disposto tra questa nuova legge e le innovazioni normative di livello nazionale, in particolare per quanto riguarda i livelli essenziali delle prestazioni tecniche ambientali (Lepta), permetter\u00e0 lo sblocco del turnover e quindi l\u2019assunzione di circa 65 persone a tempo indeterminato nel prossimo triennio. La nuova Arpat non sar\u00e0, come previsto nell\u2019originaria proposta dalla giunta, un ente \u201cmeramente strumentale della Regione\u201d \u2013 ma avr\u00e0 personalit\u00e0 giuridica di diritto pubblico, avr\u00e0 autonomia tecnico-scientifica, organizzativa, amministrativa e sar\u00e0 comunque funzionale e di supporto strategico alle molteplici attivit\u00e0 in tema ambientale della Regione. Sono soddisfatto \u2013 ha concluso il presidente della commissione \u2013 perch\u00e9 abbiamo ben chiarito gli ambiti di autonomia dell\u2019agenzia e, allo stesso tempo, salvaguardato le risorse lavorative\u00bb.<\/p>\n","protected":false},"excerpt":{"rendered":"<p>La nuova Arpat avr\u00e0 pi\u00f9 autonomia organizzativa e gestionale e potr\u00e0 contare anche su un rafforzamento della pianta organica nel triennio 2019-2021. La riforma dell\u2019Agenzia toscana per la protezione ambientale \u00e8 legge, grazie al voto espresso oggi dal Consiglio regionale (19 favorevoli, 11 astenuti, nessun voto contrario). Il provvedimento \u00e8 stato illustrato da Stefano Baccelli [&hellip;]<\/p>\n","protected":false},"author":1,"featured_media":19009,"comment_status":"closed","ping_status":"closed","sticky":false,"template":"","format":"standard","meta":{"_jetpack_memberships_contains_paid_content":false,"footnotes":""},"categories":[30,958],"tags":[696,815],"class_list":{"0":"post-19008","1":"post","2":"type-post","3":"status-publish","4":"format-standard","5":"has-post-thumbnail","7":"category-comunicati-stampa","8":"category-stefano-baccelli","9":"tag-ambiente","10":"tag-arpat","11":"czr-hentry"},"jetpack_featured_media_url":"https:\/\/www.gruppopdregionetoscana.it\/web\/wp-content\/uploads\/2019\/11\/arpat.jpg","jetpack_sharing_enabled":true,"_links":{"self":[{"href":"https:\/\/www.gruppopdregionetoscana.it\/web\/wp-json\/wp\/v2\/posts\/19008","targetHints":{"allow":["GET"]}}],"collection":[{"href":"https:\/\/www.gruppopdregionetoscana.it\/web\/wp-json\/wp\/v2\/posts"}],"about":[{"href":"https:\/\/www.gruppopdregionetoscana.it\/web\/wp-json\/wp\/v2\/types\/post"}],"author":[{"embeddable":true,"href":"https:\/\/www.gruppopdregionetoscana.it\/web\/wp-json\/wp\/v2\/users\/1"}],"replies":[{"embeddable":true,"href":"https:\/\/www.gruppopdregionetoscana.it\/web\/wp-json\/wp\/v2\/comments?post=19008"}],"version-history":[{"count":0,"href":"https:\/\/www.gruppopdregionetoscana.it\/web\/wp-json\/wp\/v2\/posts\/19008\/revisions"}],"wp:featuredmedia":[{"embeddable":true,"href":"https:\/\/www.gruppopdregionetoscana.it\/web\/wp-json\/wp\/v2\/media\/19009"}],"wp:attachment":[{"href":"https:\/\/www.gruppopdregionetoscana.it\/web\/wp-json\/wp\/v2\/media?parent=19008"}],"wp:term":[{"taxonomy":"category","embeddable":true,"href":"https:\/\/www.gruppopdregionetoscana.it\/web\/wp-json\/wp\/v2\/categories?post=19008"},{"taxonomy":"post_tag","embeddable":true,"href":"https:\/\/www.gruppopdregionetoscana.it\/web\/wp-json\/wp\/v2\/tags?post=19008"}],"curies":[{"name":"wp","href":"https:\/\/api.w.org\/{rel}","templated":true}]}}