{"id":19036,"date":"2019-11-12T14:01:47","date_gmt":"2019-11-12T13:01:47","guid":{"rendered":"https:\/\/www.gruppopdregionetoscana.it\/web\/?p=19036"},"modified":"2019-11-12T14:01:49","modified_gmt":"2019-11-12T13:01:49","slug":"balneazione-in-versilia-baccelli-pd-obiettivo-mare-pulito-per-la-prossima-stagione-turistica","status":"publish","type":"post","link":"https:\/\/www.gruppopdregionetoscana.it\/web\/balneazione-in-versilia-baccelli-pd-obiettivo-mare-pulito-per-la-prossima-stagione-turistica\/","title":{"rendered":"Balneazione in Versilia, Baccelli (Pd): \u201cObiettivo mare pulito per la prossima stagione turistica\u201d"},"content":{"rendered":"\n<p><img loading=\"lazy\" decoding=\"async\" class=\"size-medium wp-image-14792 alignleft\" src=\"https:\/\/www.gruppopdregionetoscana.it\/web\/wp-content\/uploads\/2016\/12\/stefanobaccelli-300x210.jpg\" alt=\"\" width=\"300\" height=\"210\" srcset=\"https:\/\/www.gruppopdregionetoscana.it\/web\/wp-content\/uploads\/2016\/12\/stefanobaccelli-300x210.jpg 300w, https:\/\/www.gruppopdregionetoscana.it\/web\/wp-content\/uploads\/2016\/12\/stefanobaccelli-1024x718.jpg 1024w, https:\/\/www.gruppopdregionetoscana.it\/web\/wp-content\/uploads\/2016\/12\/stefanobaccelli.jpg 1200w\" sizes=\"auto, (max-width: 300px) 100vw, 300px\" \/>\u201cBuone notizie sono arrivate qualche giorno fa dalla riunione del comitato di vigilanza sull\u2019accordo di programma sulla balneazione. Gli interventi da parte del gestore GAIA s.p.a. sui sistemi di depurazione sono stati completati o in fase di completamento cos\u00ec come proseguono la sistemazione e l\u2019estensione della rete fognaria per migliorare saldamente la qualit\u00e0 delle acque della Versilia. I dati forniti da GAIA s.p.a. ci confermano un andamento positivo delle opere previste dallo stesso gestore idrico della Toscana, e di questo non possiamo che essere soddisfatti e auspicare che si continui in questa direzione. L\u2019obiettivo per il territorio versiliese, per tutte le Amministrazioni e i soggetti coinvolti, \u00e8 infatti quello di completare le opere necessarie, come quelle relative alla depurazione delle acque, contrarre l\u2019abusivismo degli scarichi fognari, degli scarichi promiscui della fognatura bianca nella fognatura nera, degli sversamenti diretti nei corsi d\u2019acqua presso i siti di balneazione e i centri abitati in vista dell\u2019avvio della prossima stagione turistica. Tra le cose portate a termine, pensiamo al completamento di importanti tratti di rete fognaria del Comune di Camaiore e al potenziamento dell\u2019impianto di depurazione, al raddoppio del depuratore di Viareggio e all\u2019avvio dei lavori, annunciato proprio in questi giorni, per l\u2019annosa questione degli spandenti a mare, a Lido di Camaiore e a Viareggio. \u00c8 dunque importante procedere spediti con la <em>road map<\/em> messa a punto da GAIA s.p.a. e sottoscritta da Regione, Arpat, AIT, Consorzio di bonifica e tutti i Comuni della costa apuo-versiliese: con il duplice obiettivo di migliorare la qualit\u00e0 delle acque e dell\u2019ambiente in cui viviamo e rendere sempre pi\u00f9 la Versilia una terra attrattiva per il turismo di qualit\u00e0, cos\u00ec come \u00e8 sempre stata storicamente. L\u2019impegno della Regione Toscana non mancher\u00e0 come non \u00e8 mancato sino ad oggi poich\u00e9 non ci possiamo permettere di legare le sorti delle stagioni turistiche, dell\u2019economia che ci gira intorno e della stessa immagine della nostra splendida costa alla carenza colmabile di infrastrutture e alla mancanza di controlli capillari. Tutto questo gli enti sottoscrittori dell\u2019accordo di programma lo sanno e lo stanno portando avanti\u201d. \u00c8 quanto dichiara <strong>Stefano Baccelli<\/strong>, consigliere regionale Pd e presidente della commissione Territorio e ambiente.\u00a0<\/p>\n","protected":false},"excerpt":{"rendered":"<p>\u201cBuone notizie sono arrivate qualche giorno fa dalla riunione del comitato di vigilanza sull\u2019accordo di programma sulla balneazione. Gli interventi da parte del gestore GAIA s.p.a. sui sistemi di depurazione sono stati completati o in fase di completamento cos\u00ec come proseguono la sistemazione e l\u2019estensione della rete fognaria per migliorare saldamente la qualit\u00e0 delle acque [&hellip;]<\/p>\n","protected":false},"author":1,"featured_media":19039,"comment_status":"closed","ping_status":"closed","sticky":false,"template":"","format":"standard","meta":{"_jetpack_memberships_contains_paid_content":false,"footnotes":""},"categories":[30,958],"tags":[696,1519,418],"class_list":{"0":"post-19036","1":"post","2":"type-post","3":"status-publish","4":"format-standard","5":"has-post-thumbnail","7":"category-comunicati-stampa","8":"category-stefano-baccelli","9":"tag-ambiente","10":"tag-balneazione","11":"tag-versilia","12":"czr-hentry"},"jetpack_featured_media_url":"https:\/\/www.gruppopdregionetoscana.it\/web\/wp-content\/uploads\/2019\/11\/spiaggiaattrezzata.jpg","jetpack_sharing_enabled":true,"_links":{"self":[{"href":"https:\/\/www.gruppopdregionetoscana.it\/web\/wp-json\/wp\/v2\/posts\/19036","targetHints":{"allow":["GET"]}}],"collection":[{"href":"https:\/\/www.gruppopdregionetoscana.it\/web\/wp-json\/wp\/v2\/posts"}],"about":[{"href":"https:\/\/www.gruppopdregionetoscana.it\/web\/wp-json\/wp\/v2\/types\/post"}],"author":[{"embeddable":true,"href":"https:\/\/www.gruppopdregionetoscana.it\/web\/wp-json\/wp\/v2\/users\/1"}],"replies":[{"embeddable":true,"href":"https:\/\/www.gruppopdregionetoscana.it\/web\/wp-json\/wp\/v2\/comments?post=19036"}],"version-history":[{"count":0,"href":"https:\/\/www.gruppopdregionetoscana.it\/web\/wp-json\/wp\/v2\/posts\/19036\/revisions"}],"wp:featuredmedia":[{"embeddable":true,"href":"https:\/\/www.gruppopdregionetoscana.it\/web\/wp-json\/wp\/v2\/media\/19039"}],"wp:attachment":[{"href":"https:\/\/www.gruppopdregionetoscana.it\/web\/wp-json\/wp\/v2\/media?parent=19036"}],"wp:term":[{"taxonomy":"category","embeddable":true,"href":"https:\/\/www.gruppopdregionetoscana.it\/web\/wp-json\/wp\/v2\/categories?post=19036"},{"taxonomy":"post_tag","embeddable":true,"href":"https:\/\/www.gruppopdregionetoscana.it\/web\/wp-json\/wp\/v2\/tags?post=19036"}],"curies":[{"name":"wp","href":"https:\/\/api.w.org\/{rel}","templated":true}]}}