{"id":19215,"date":"2019-12-17T13:09:41","date_gmt":"2019-12-17T12:09:41","guid":{"rendered":"https:\/\/www.gruppopdregionetoscana.it\/web\/?p=19215"},"modified":"2019-12-17T15:19:02","modified_gmt":"2019-12-17T14:19:02","slug":"la-regione-riconosce-lospedale-di-montevarchi-presidio-di-primo-livello","status":"publish","type":"post","link":"https:\/\/www.gruppopdregionetoscana.it\/web\/la-regione-riconosce-lospedale-di-montevarchi-presidio-di-primo-livello\/","title":{"rendered":"La Regione riconosce l\u2019Ospedale di Montevarchi presidio di primo livello."},"content":{"rendered":"\n<p><em><strong>La soddisfazione dei consiglieri regionali De Robertis e Tartaro e del presidente della conferenza zonale del Valdarno Chienni<\/strong><\/em><\/p>\n<p>Soddisfazione dai consiglieri regionali De Robertis e Tartaro e dal presidente della conferenza zonale del Valdarno Chienni per la classificazione del\u2019ospedale di Montevarchi quale presidio di primo livello, deliberata ieri dalla Giunta regionale e annunciata oggi con una conferenza stampa a Firenze.<\/p>\n<p>\u201cLa classificazione dell\u2019ospedale di Montevarchi come presidio di primo livello era un impegno che avevamo assunto a primavera del 2018 con una mozione in Consiglio regionale\u00a0 ricorda la vicepresidente del Consiglio regionale Lucia De Robertis &#8211; , consapevoli della sua particolarit\u00e0 di struttura di riferimento per il territorio di ben due aree vaste. L\u2019approvazione del Piano sanitario e sociale integrato, con la definizione della nuova programmazione sanitaria territoriale ed ospedaliera, era passaggio obbligato per poter procedere alla riclassificazione. L\u2019impegno che avevamo preso coi cittadini lo abbiamo mantenuto, preferendo alle polemiche giornalistiche di qualcuno il concentrarsi sulle cose da fare per raggiungere l\u2019obiettivo. Che non sono state poche\u201d<\/p>\n<p>\u201cGrazie al lavoro fatto congiuntamente fra Regione, conferenza di zona e azienda sanitaria\u00a0 &#8211; aggiunge\u00a0 il consigliere valdagnese del PD Simone Tartaro \u2013oggi arriviamo a questo importante risultato per tutto il Valdarno. La riclassificazione de La Gruccia \u00e8 la prima cosa che mi \u00e8 stata chiesta dal territorio appena arrivato in Consiglio regionale. Ora vigileremo perch\u00e9 al riconoscimento giuridico faccia rapidamente seguito il rapido adeguamento della struttura sotto i profili organizzativi, strumentali e tecnologici\u201d.<\/p>\n<p>&#8220;Si tratta di un passo importante \u2013 commenta Sergio Chienni, primo cittadino di Terranuova Bracciolini e presidente della conferenza zonale integrata &#8211; e ringrazio Stefania Saccardi, la Giunta e i consiglieri regionali del nostro territorio che hanno supportato la Conferenza dei Sindaci. Il presidio ospedaliero ha raggiunto numeri significativi con quasi 38.000 accessi al pronto soccorso ed \u00e8 ad oggi dotato di tutte le specialit\u00e0 previste dal DM 70\/2015. Inoltre essendo un presidio posto al confine tra due Province \u00e8 un punto di riferimento anche oltre la propria zona di competenza. Adesso serve rafforzare i servizi. Le nostre comunit\u00e0 e gli operatori sanitari hanno testimoniato affezione ed impegno verso l&#8217;ospedale e quest&#8217;ultimi devono essere sempre messi nelle condizioni di esercitare al meglio le proprie funzioni&#8221;.<\/p>\n<p>Stamani \u00e8 stato annunciato anche il passaggio della Pediatria da unit\u00e0 semplice ad unit\u00e0 complessa: &#8220;La pediatria\u00a0 &#8211; aggiunge Chienni &#8211; \u00e8 uno dei cardini del presidio, il riconoscimento dell&#8217;unit\u00e0 complessa la qualifica ulteriormente. Tra l&#8217;altro, grazie al lavoro del dottor. Luca Tafi e di tutti i suoi collaboratori, siamo prossimi ad ottenere il riconoscimento Unicef di \u2018Ospedale amico del bambino\u2019, un segno di quale \u00e8 lo spirito con cui si lavora a servizio dei bambini e dei genitori&#8221;.<\/p>\n","protected":false},"excerpt":{"rendered":"<p>La soddisfazione dei consiglieri regionali De Robertis e Tartaro e del presidente della conferenza zonale del Valdarno Chienni Soddisfazione dai consiglieri regionali De Robertis e Tartaro e dal presidente della conferenza zonale del Valdarno Chienni per la classificazione del\u2019ospedale di Montevarchi quale presidio di primo livello, deliberata ieri dalla Giunta regionale e annunciata oggi con [&hellip;]<\/p>\n","protected":false},"author":1,"featured_media":19216,"comment_status":"closed","ping_status":"closed","sticky":false,"template":"","format":"standard","meta":{"_jetpack_memberships_contains_paid_content":false,"footnotes":""},"categories":[633,1,2136],"tags":[],"class_list":{"0":"post-19215","1":"post","2":"type-post","3":"status-publish","4":"format-standard","5":"has-post-thumbnail","7":"category-notizie-lucia-de-robertis","8":"category-proposte-di-legge","9":"category-simone-tartaro","10":"czr-hentry"},"jetpack_featured_media_url":"https:\/\/www.gruppopdregionetoscana.it\/web\/wp-content\/uploads\/2019\/12\/chienni-tartaro-derobertis.png","jetpack_sharing_enabled":true,"_links":{"self":[{"href":"https:\/\/www.gruppopdregionetoscana.it\/web\/wp-json\/wp\/v2\/posts\/19215","targetHints":{"allow":["GET"]}}],"collection":[{"href":"https:\/\/www.gruppopdregionetoscana.it\/web\/wp-json\/wp\/v2\/posts"}],"about":[{"href":"https:\/\/www.gruppopdregionetoscana.it\/web\/wp-json\/wp\/v2\/types\/post"}],"author":[{"embeddable":true,"href":"https:\/\/www.gruppopdregionetoscana.it\/web\/wp-json\/wp\/v2\/users\/1"}],"replies":[{"embeddable":true,"href":"https:\/\/www.gruppopdregionetoscana.it\/web\/wp-json\/wp\/v2\/comments?post=19215"}],"version-history":[{"count":0,"href":"https:\/\/www.gruppopdregionetoscana.it\/web\/wp-json\/wp\/v2\/posts\/19215\/revisions"}],"wp:featuredmedia":[{"embeddable":true,"href":"https:\/\/www.gruppopdregionetoscana.it\/web\/wp-json\/wp\/v2\/media\/19216"}],"wp:attachment":[{"href":"https:\/\/www.gruppopdregionetoscana.it\/web\/wp-json\/wp\/v2\/media?parent=19215"}],"wp:term":[{"taxonomy":"category","embeddable":true,"href":"https:\/\/www.gruppopdregionetoscana.it\/web\/wp-json\/wp\/v2\/categories?post=19215"},{"taxonomy":"post_tag","embeddable":true,"href":"https:\/\/www.gruppopdregionetoscana.it\/web\/wp-json\/wp\/v2\/tags?post=19215"}],"curies":[{"name":"wp","href":"https:\/\/api.w.org\/{rel}","templated":true}]}}