{"id":19219,"date":"2019-12-17T15:18:33","date_gmt":"2019-12-17T14:18:33","guid":{"rendered":"https:\/\/www.gruppopdregionetoscana.it\/web\/?p=19219"},"modified":"2019-12-17T15:18:35","modified_gmt":"2019-12-17T14:18:35","slug":"crisi-dellolio-nardini-pd-a-pisa-colpita-tutta-la-provincia-al-settore-serve-liquidita-la-regione-chieda-al-governo-di-intervenire","status":"publish","type":"post","link":"https:\/\/www.gruppopdregionetoscana.it\/web\/crisi-dellolio-nardini-pd-a-pisa-colpita-tutta-la-provincia-al-settore-serve-liquidita-la-regione-chieda-al-governo-di-intervenire\/","title":{"rendered":"Crisi dell\u2019olio, Nardini (Pd): \u201cA Pisa colpita tutta la provincia. Al settore serve liquidit\u00e0. La Regione chieda al Governo di intervenire\u201d"},"content":{"rendered":"\n<p><em>La consigliera regionale <strong>Alessandra Nardini<\/strong> con una mozione sollecita la Giunta a perorare la causa degli olivicoltori presso il Ministero dell\u2019Agricoltura: \u201cAi produttori serve liquidit\u00e0, crisi profonda del settore avrebbe conseguenze drammatiche per il territorio pisano e tutta la Toscana\u201d<\/em><\/p>\n<p><em><img loading=\"lazy\" decoding=\"async\" class=\"alignleft size-full wp-image-19006\" src=\"https:\/\/www.gruppopdregionetoscana.it\/web\/wp-content\/uploads\/2019\/11\/nardiniXsito.png\" alt=\"\" width=\"298\" height=\"298\" \/>\u00a0<\/em>\u201cNel 2019 in Toscana la produzione di olio, rispetto al 2018, si \u00e8 pressoch\u00e9 dimezzata.\u00a0 Nel pisano la crisi colpisce un po&#8217; tutta la provincia. Ci sono zone delicate e peculiari che soffrono maggiormente come il Monte Pisano dove l&#8217;olivicoltura \u00e8 estensiva e connessa molto al territorio e dove l&#8217;indotto, legato esclusivamente ai produttori locali come frantoi sociali, ne risulta molto compromesso rispetto a realt\u00e0 private. Le cause che hanno portato a un dimezzamento della produzione sono le condizioni metereologiche calamitose, foriere di parassiti come la mosca olaearia e il calo delle quotazioni dell\u2019olio. Lo scorso 4 dicembre i produttori hanno incontrato il Ministero dell\u2019Agricoltura per chiedere lo stato di crisi, misure a sostegno della liquidit\u00e0 di aziende, e lo stanziamento di cinque milioni di euro cos\u00ec come previsto nel pacchetto ministeriale destinato alle emergenze. \u00c8 fondamentale che anche la Regione continui, cos\u00ec come ha fatto finora, a difendere il settore supportando le richieste fatte dai produttori al Governo con l\u2019obiettivo di ottenere interventi straordinari volti a favorire la liquidit\u00e0 delle aziende produttrici e dei frantoi\u201d. \u00c8 quanto chiede alla Giunta regionale <strong>Alessandra Nardini<\/strong> consigliera regionale Pd con la mozione <strong><em>\u201cIn merito alla richiesta di stato di crisi del settore olivicolo\u201d<\/em><\/strong>.<\/p>\n<p>\u201cLa produzione di olio in Toscana interessa circa 92.00 ettari, 15 milioni di piante,50 mila aziende agricole, 400 frantoi d\u00e0 in media 170\/180 quintali di olio all\u2019anno; una produzione che va dalle province di Firenze, Siena ed Arezzo, agli oliveti del Monte Pisano, alla Versilia e fino alla Maremma \u2013 continua <strong>Nardini<\/strong> \u2013\u00a0 Per il nostro territorio e per tutta la Toscana il lavoro degli olivicoltori ha da sempre un ruolo di primo piano a livello nazionale: per le qualit\u00e0 organolettiche difficilmente paragonabili, e per la preziosissima cura del territorio che portano avanti, poich\u00e9 la manutenzione dei monti e delle colline olivetate favorisce la mitigazione del rischio idraulico e idrogeologico. \u00c8 necessario scongiurare con ogni mezzo una crisi profonda del settore che avrebbe conseguenze sia occupazionali che ambientali drammatiche\u201d.<\/p>\n","protected":false},"excerpt":{"rendered":"<p>La consigliera regionale Alessandra Nardini con una mozione sollecita la Giunta a perorare la causa degli olivicoltori presso il Ministero dell\u2019Agricoltura: \u201cAi produttori serve liquidit\u00e0, crisi profonda del settore avrebbe conseguenze drammatiche per il territorio pisano e tutta la Toscana\u201d \u00a0\u201cNel 2019 in Toscana la produzione di olio, rispetto al 2018, si \u00e8 pressoch\u00e9 dimezzata.\u00a0 [&hellip;]<\/p>\n","protected":false},"author":1,"featured_media":19221,"comment_status":"closed","ping_status":"closed","sticky":false,"template":"","format":"standard","meta":{"_jetpack_memberships_contains_paid_content":false,"footnotes":""},"categories":[968,124],"tags":[],"class_list":{"0":"post-19219","1":"post","2":"type-post","3":"status-publish","4":"format-standard","5":"has-post-thumbnail","7":"category-alessandra-nardini","8":"category-propmozioni","9":"czr-hentry"},"jetpack_featured_media_url":"https:\/\/www.gruppopdregionetoscana.it\/web\/wp-content\/uploads\/2019\/12\/olio-oliva-crisi.jpg","jetpack_sharing_enabled":true,"_links":{"self":[{"href":"https:\/\/www.gruppopdregionetoscana.it\/web\/wp-json\/wp\/v2\/posts\/19219","targetHints":{"allow":["GET"]}}],"collection":[{"href":"https:\/\/www.gruppopdregionetoscana.it\/web\/wp-json\/wp\/v2\/posts"}],"about":[{"href":"https:\/\/www.gruppopdregionetoscana.it\/web\/wp-json\/wp\/v2\/types\/post"}],"author":[{"embeddable":true,"href":"https:\/\/www.gruppopdregionetoscana.it\/web\/wp-json\/wp\/v2\/users\/1"}],"replies":[{"embeddable":true,"href":"https:\/\/www.gruppopdregionetoscana.it\/web\/wp-json\/wp\/v2\/comments?post=19219"}],"version-history":[{"count":0,"href":"https:\/\/www.gruppopdregionetoscana.it\/web\/wp-json\/wp\/v2\/posts\/19219\/revisions"}],"wp:featuredmedia":[{"embeddable":true,"href":"https:\/\/www.gruppopdregionetoscana.it\/web\/wp-json\/wp\/v2\/media\/19221"}],"wp:attachment":[{"href":"https:\/\/www.gruppopdregionetoscana.it\/web\/wp-json\/wp\/v2\/media?parent=19219"}],"wp:term":[{"taxonomy":"category","embeddable":true,"href":"https:\/\/www.gruppopdregionetoscana.it\/web\/wp-json\/wp\/v2\/categories?post=19219"},{"taxonomy":"post_tag","embeddable":true,"href":"https:\/\/www.gruppopdregionetoscana.it\/web\/wp-json\/wp\/v2\/tags?post=19219"}],"curies":[{"name":"wp","href":"https:\/\/api.w.org\/{rel}","templated":true}]}}