{"id":19900,"date":"2021-01-22T11:05:15","date_gmt":"2021-01-22T10:05:15","guid":{"rendered":"https:\/\/www.gruppopdregionetoscana.it\/web\/?p=19900"},"modified":"2021-01-22T11:05:26","modified_gmt":"2021-01-22T10:05:26","slug":"patrick-zaki-anche-la-toscana-continui-a-far-sentire-la-sua-voce-per-la-scarcerazione","status":"publish","type":"post","link":"https:\/\/www.gruppopdregionetoscana.it\/web\/patrick-zaki-anche-la-toscana-continui-a-far-sentire-la-sua-voce-per-la-scarcerazione\/","title":{"rendered":"Patrick Zaki, \u201cAnche la Toscana continui a far sentire la sua voce per la scarcerazione\u201d"},"content":{"rendered":"\n<p><strong>Il capogruppo del Pd in Consiglio regionale annuncia la presentazione di una mozione<\/strong><\/p>\n<p><img loading=\"lazy\" decoding=\"async\" class=\"alignleft  wp-image-19727\" src=\"https:\/\/www.gruppopdregionetoscana.it\/web\/wp-content\/uploads\/2020\/11\/vincenzo.jpg\" alt=\"\" width=\"385\" height=\"287\" \/>\u00abAnche la Toscana deve continuare a far sentire la sua voce per la liberazione di Patrick Zaki. Credo sia utile e doveroso, come fatto da altre assemblee elettive, chiamare il Consiglio regionale della Toscana a un voto, che auspico unanime, su un atto che impegni la giunta toscana ad attivarsi nei confronti del Governo italiano affinch\u00e9, in merito all\u2019arresto di Patrick George Zaki, studente in Italia presso l&#8217;Universit\u00e0 di Bologna, venga garantito, con il costante coinvolgimento della comunit\u00e0 internazionale, l\u2019immediato e pieno rispetto dei diritti anche in considerazione delle condizioni di salute che ne rendono inopportuna la permanenza in carcere nell\u2019attuale situazione di pandemia da COVID-19 che coinvolge anche l\u2019Egitto\u00bb.<\/p>\n<p>Lo dice <strong>Vincenzo Ceccarelli<\/strong>, capogruppo del Pd in Consiglio regionale, annunciando la presentazione di una mozione che chieder\u00e0 sia discussa nella prima seduta utile, cio\u00e8 marted\u00ec prossimo.<\/p>\n<p>\u00abRicordiamo tutti \u2013 aggiunge Ceccarelli \u2013 quanto \u00e8 avvenuto con la tragica vicenda che ha coinvolto\u00a0 Giulio Regeni. Anche per questo crediamo che l\u2019Italia debba continuare a farsi carico della vicenda di Zaki presso la comunit\u00e0 internazionale affinch\u00e9 siano mantenuti accesi i riflettori su un caso che mostra i profili di detenzione illegittima e pratica della tortura ai danni del giovane attivista, pretendendo da parte del regime egiziano l\u2019immediato rispetto dei diritti umani per Patrick Zaki e spiegazioni dettagliate in merito alla fondatezza delle motivazioni del suo arresto. Spero \u2013 conclude il capogruppo Pd \u2013 che si possa contribuire anche con questa mozione a far scarcerare il giovane ricercatore egiziano\u00bb.<\/p>\n","protected":false},"excerpt":{"rendered":"<p>Il capogruppo del Pd in Consiglio regionale annuncia la presentazione di una mozione \u00abAnche la Toscana deve continuare a far sentire la sua voce per la liberazione di Patrick Zaki. Credo sia utile e doveroso, come fatto da altre assemblee elettive, chiamare il Consiglio regionale della Toscana a un voto, che auspico unanime, su un [&hellip;]<\/p>\n","protected":false},"author":1,"featured_media":19901,"comment_status":"closed","ping_status":"closed","sticky":false,"template":"","format":"standard","meta":{"_jetpack_memberships_contains_paid_content":false,"footnotes":""},"categories":[30,124,2222],"tags":[2223],"class_list":{"0":"post-19900","1":"post","2":"type-post","3":"status-publish","4":"format-standard","5":"has-post-thumbnail","7":"category-comunicati-stampa","8":"category-propmozioni","9":"category-vincenzo-ceccarelli","10":"tag-zaki","11":"czr-hentry"},"jetpack_featured_media_url":"https:\/\/www.gruppopdregionetoscana.it\/web\/wp-content\/uploads\/2021\/01\/patrickzakifree.jpg","jetpack_sharing_enabled":true,"_links":{"self":[{"href":"https:\/\/www.gruppopdregionetoscana.it\/web\/wp-json\/wp\/v2\/posts\/19900","targetHints":{"allow":["GET"]}}],"collection":[{"href":"https:\/\/www.gruppopdregionetoscana.it\/web\/wp-json\/wp\/v2\/posts"}],"about":[{"href":"https:\/\/www.gruppopdregionetoscana.it\/web\/wp-json\/wp\/v2\/types\/post"}],"author":[{"embeddable":true,"href":"https:\/\/www.gruppopdregionetoscana.it\/web\/wp-json\/wp\/v2\/users\/1"}],"replies":[{"embeddable":true,"href":"https:\/\/www.gruppopdregionetoscana.it\/web\/wp-json\/wp\/v2\/comments?post=19900"}],"version-history":[{"count":0,"href":"https:\/\/www.gruppopdregionetoscana.it\/web\/wp-json\/wp\/v2\/posts\/19900\/revisions"}],"wp:featuredmedia":[{"embeddable":true,"href":"https:\/\/www.gruppopdregionetoscana.it\/web\/wp-json\/wp\/v2\/media\/19901"}],"wp:attachment":[{"href":"https:\/\/www.gruppopdregionetoscana.it\/web\/wp-json\/wp\/v2\/media?parent=19900"}],"wp:term":[{"taxonomy":"category","embeddable":true,"href":"https:\/\/www.gruppopdregionetoscana.it\/web\/wp-json\/wp\/v2\/categories?post=19900"},{"taxonomy":"post_tag","embeddable":true,"href":"https:\/\/www.gruppopdregionetoscana.it\/web\/wp-json\/wp\/v2\/tags?post=19900"}],"curies":[{"name":"wp","href":"https:\/\/api.w.org\/{rel}","templated":true}]}}