{"id":20007,"date":"2021-02-09T19:12:52","date_gmt":"2021-02-09T18:12:52","guid":{"rendered":"https:\/\/www.gruppopdregionetoscana.it\/web\/?p=20007"},"modified":"2021-02-09T19:12:54","modified_gmt":"2021-02-09T18:12:54","slug":"covid-servono-ristori-per-le-zone-rosse-comunali","status":"publish","type":"post","link":"https:\/\/www.gruppopdregionetoscana.it\/web\/covid-servono-ristori-per-le-zone-rosse-comunali\/","title":{"rendered":"Covid, servono ristori per le zone rosse comunali"},"content":{"rendered":"\n<p>\u201cIl Governo si faccia carico dei ristori necessari per le attivit\u00e0 economiche ricomprese nelle zone rosse individuate dai presidenti di Regione, nelle quali vengono applicate le misure previste dall\u2019art. 3 del DPCM 14 gennaio 2021\u201d.<\/p>\n<p>Con queste parole Vincenzo Ceccarelli, Capogruppo PD in Consiglio regionale e le consigliere senesi Elena Rosignoli e Anna Paris, si sono espressi, in seguito all\u2019approvazione da parte del Consiglio regionale della Toscana della mozione condivisa da tutti i gruppi sui ristori per le zone rosse comunali.<\/p>\n<p>\u201cLa gestione dell\u2019emergenza pandemica da parte delle Regioni sta comportando l\u2019esigenza di adottare misure pi\u00f9 restrittive per le aree dove i contagi hanno una crescita eccessiva, come nel caso dell\u2019ordinanza con cui il presidente Giani ha dovuto istituire una zona rossa per il Comune di Chiusi. Nelle prossime settimane anche altre realt\u00e0 potrebbero essere sottoposte a misure similari \u2013 spiegano Ceccarelli, Paris e Rosignoli -. \u00a0Crediamo che laddove necessario il presidente della Regione faccia bene ad intervenire con provvedimenti ad hoc per il contenimento del virus ma ovviamente le aree sottoposte a misure pi\u00f9 restrittive subiscono ricadute negative dal punto di vista economico e sociale. Per questo \u00e8 necessario un piano di ristori straordinario per il danno economico subito da quelle attivit\u00e0 che si trovano a dover affrontare ulteriori periodi di stop nello svolgimento del loro lavoro. Qualora il Governo non intervenisse, potr\u00e0 essere la Regione a elaborare un piano di ristori straordinario. Un piano che segua criteri puntuali per l&#8217;assegnazione dei ristori ai Comuni che mediante concertazione a livello locale possano assegnare le risorse alle attivit\u00e0 del proprio territorio.\u201d<\/p>\n<p>\u201cSi tratta di un tema delicato \u2013 concludono i consiglieri PD &#8211; che deve essere affrontato con seriet\u00e0 e pragmatismo, senza sbandierare false soluzioni e senza strumentalizzare le difficolt\u00e0 di tanti cittadini e lavoratori che attraversano un momento di particolare difficolt\u00e0 a causa delle misure di contenimento della pandemia.\u201d<\/p>\n","protected":false},"excerpt":{"rendered":"<p>\u201cIl Governo si faccia carico dei ristori necessari per le attivit\u00e0 economiche ricomprese nelle zone rosse individuate dai presidenti di Regione, nelle quali vengono applicate le misure previste dall\u2019art. 3 del DPCM 14 gennaio 2021\u201d. Con queste parole Vincenzo Ceccarelli, Capogruppo PD in Consiglio regionale e le consigliere senesi Elena Rosignoli e Anna Paris, si [&hellip;]<\/p>\n","protected":false},"author":1,"featured_media":20008,"comment_status":"closed","ping_status":"closed","sticky":false,"template":"","format":"standard","meta":{"_jetpack_memberships_contains_paid_content":false,"footnotes":""},"categories":[2230,30,2228,2222],"tags":[],"class_list":{"0":"post-20007","1":"post","2":"type-post","3":"status-publish","4":"format-standard","5":"has-post-thumbnail","7":"category-anna-paris","8":"category-comunicati-stampa","9":"category-elena-rosignoli","10":"category-vincenzo-ceccarelli","11":"czr-hentry"},"jetpack_featured_media_url":"https:\/\/www.gruppopdregionetoscana.it\/web\/wp-content\/uploads\/2021\/02\/images.jpg","jetpack_sharing_enabled":true,"_links":{"self":[{"href":"https:\/\/www.gruppopdregionetoscana.it\/web\/wp-json\/wp\/v2\/posts\/20007","targetHints":{"allow":["GET"]}}],"collection":[{"href":"https:\/\/www.gruppopdregionetoscana.it\/web\/wp-json\/wp\/v2\/posts"}],"about":[{"href":"https:\/\/www.gruppopdregionetoscana.it\/web\/wp-json\/wp\/v2\/types\/post"}],"author":[{"embeddable":true,"href":"https:\/\/www.gruppopdregionetoscana.it\/web\/wp-json\/wp\/v2\/users\/1"}],"replies":[{"embeddable":true,"href":"https:\/\/www.gruppopdregionetoscana.it\/web\/wp-json\/wp\/v2\/comments?post=20007"}],"version-history":[{"count":0,"href":"https:\/\/www.gruppopdregionetoscana.it\/web\/wp-json\/wp\/v2\/posts\/20007\/revisions"}],"wp:featuredmedia":[{"embeddable":true,"href":"https:\/\/www.gruppopdregionetoscana.it\/web\/wp-json\/wp\/v2\/media\/20008"}],"wp:attachment":[{"href":"https:\/\/www.gruppopdregionetoscana.it\/web\/wp-json\/wp\/v2\/media?parent=20007"}],"wp:term":[{"taxonomy":"category","embeddable":true,"href":"https:\/\/www.gruppopdregionetoscana.it\/web\/wp-json\/wp\/v2\/categories?post=20007"},{"taxonomy":"post_tag","embeddable":true,"href":"https:\/\/www.gruppopdregionetoscana.it\/web\/wp-json\/wp\/v2\/tags?post=20007"}],"curies":[{"name":"wp","href":"https:\/\/api.w.org\/{rel}","templated":true}]}}