{"id":20054,"date":"2021-02-18T15:15:26","date_gmt":"2021-02-18T14:15:26","guid":{"rendered":"https:\/\/www.gruppopdregionetoscana.it\/web\/?p=20054"},"modified":"2021-02-18T15:15:28","modified_gmt":"2021-02-18T14:15:28","slug":"sanita-territoriale-intervenire-subito-per-colmare-la-carenza-di-medici-nelle-aree-interne-e-insulari","status":"publish","type":"post","link":"https:\/\/www.gruppopdregionetoscana.it\/web\/sanita-territoriale-intervenire-subito-per-colmare-la-carenza-di-medici-nelle-aree-interne-e-insulari\/","title":{"rendered":"Sanit\u00e0 territoriale. \u201cIntervenire subito per colmare la carenza di medici nelle aree interne e insulari\u201d"},"content":{"rendered":"\n<p><em>Le consigliere Donatella Spadi e Federica Fratoni presentano la mozione depositata in Consiglio regionale<\/em><\/p>\n<p>\u201cDa tempo, anche in Toscana, viene segnalata la criticit\u00e0 di reperire medici di medicina generale in molte zone della regione, con particolare riferimento a quelle interne, insulari, rurali e montane. E\u2019 necessario che si intervenga al pi\u00f9 presto per colmare questa lacuna perch\u00e9 si rischiano situazioni di disagio per intere aree che minano il fondamentale diritto alla salute di ogni cittadino toscano.\u201d<\/p>\n<p>Con queste parole Donatella Spadi e Federica Fratoni, consigliere regionali del Partito Democratico, presentano la mozione di cui sono prima firmatarie in merito alla carenza dei medici di medicina generale, con particolare riferimento alle aree interne, insulari, rurali e montane della Regione Toscana, che \u00e8 stata depositata in Consiglio regionale e sottoscritta da 20 consiglieri del PD tra cui il capogruppo Vincenzo Ceccarelli e il presidente della commissione sanit\u00e0 Enrico Sostegni.<\/p>\n<p>\u201cLa carenza di personale \u00e8 riconducibile al numero consistente di pensionamenti in corso e alla complessit\u00e0 e alla lunghezza delle modalit\u00e0 di accesso alla professione. Per questo con la nostra mozione chiediamo di agire concretamente in pi\u00f9 direzioni \u2013 spiegano le consigliere dem \u2013 Da un lato \u00e8 necessario che la Regione Toscana si attivi con il Governo e in sede di Conferenza delle Regioni affinch\u00e9 venga facilitato l&#8217;accesso all&#8217;esercizio della professione attraverso percorsi di formazione pi\u00f9 rapidi e adeguati alle esigenze territoriali. Dall\u2019altro \u00e8 necessario promuovere l\u2019introduzione di meccanismi specifici che garantiscano un adeguato numero di medici di medicina generale nelle aree a pi\u00f9 alta criticit\u00e0. In questo senso si dovrebbe verificare anche la possibilit\u00e0 di introdurre forme di incentivazione, d&#8217;intesa con le Ausl e le rappresentanze sindacali, per la copertura degli ambulatori ubicati nelle aree disagiate.\u201d<\/p>\n<p>\u201cI medici di medicina generale ed i pediatri di famiglia costituiscono una rete capillarizzata oltre che il primo contatto con il sistema sanitario, rappresentano un riferimento fondamentale per le scelte relative ai servizi sanitari, per l\u2019educazione a stili di vita salutari e per l\u2019adozione di comportamenti appropriati in situazioni di malattia. Il loro servizio per le comunit\u00e0 sar\u00e0 fondamentale anche per sconfiggere la pandemia e per questo meritano un ringraziamento \u2013 concludono Fratoni e Spadi \u2013 Proprio la crisi legata al COVID-19 ha fatto emergere la necessit\u00e0 di rafforzare ulteriormente la sanit\u00e0 territoriale e ha acuito le disparit\u00e0 tra i cittadini e tra i diversi territori. Per questo occorre individuare politiche e azioni pubbliche efficaci per garantire condizioni di partenza simili per tutti i cittadini, tenendo conto delle diverse caratteristiche dei luoghi in cui essi vivono e lavorano.\u201d<\/p>\n","protected":false},"excerpt":{"rendered":"<p>Le consigliere Donatella Spadi e Federica Fratoni presentano la mozione depositata in Consiglio regionale \u201cDa tempo, anche in Toscana, viene segnalata la criticit\u00e0 di reperire medici di medicina generale in molte zone della regione, con particolare riferimento a quelle interne, insulari, rurali e montane. E\u2019 necessario che si intervenga al pi\u00f9 presto per colmare questa [&hellip;]<\/p>\n","protected":false},"author":1,"featured_media":13191,"comment_status":"closed","ping_status":"closed","sticky":false,"template":"","format":"standard","meta":{"_jetpack_memberships_contains_paid_content":false,"footnotes":""},"categories":[30,2238,2232],"tags":[],"class_list":{"0":"post-20054","1":"post","2":"type-post","3":"status-publish","4":"format-standard","5":"has-post-thumbnail","7":"category-comunicati-stampa","8":"category-donatella-spadi","9":"category-federica-fratoni","10":"czr-hentry"},"jetpack_featured_media_url":"https:\/\/www.gruppopdregionetoscana.it\/web\/wp-content\/uploads\/2016\/06\/medico.jpg","jetpack_sharing_enabled":true,"_links":{"self":[{"href":"https:\/\/www.gruppopdregionetoscana.it\/web\/wp-json\/wp\/v2\/posts\/20054","targetHints":{"allow":["GET"]}}],"collection":[{"href":"https:\/\/www.gruppopdregionetoscana.it\/web\/wp-json\/wp\/v2\/posts"}],"about":[{"href":"https:\/\/www.gruppopdregionetoscana.it\/web\/wp-json\/wp\/v2\/types\/post"}],"author":[{"embeddable":true,"href":"https:\/\/www.gruppopdregionetoscana.it\/web\/wp-json\/wp\/v2\/users\/1"}],"replies":[{"embeddable":true,"href":"https:\/\/www.gruppopdregionetoscana.it\/web\/wp-json\/wp\/v2\/comments?post=20054"}],"version-history":[{"count":0,"href":"https:\/\/www.gruppopdregionetoscana.it\/web\/wp-json\/wp\/v2\/posts\/20054\/revisions"}],"wp:featuredmedia":[{"embeddable":true,"href":"https:\/\/www.gruppopdregionetoscana.it\/web\/wp-json\/wp\/v2\/media\/13191"}],"wp:attachment":[{"href":"https:\/\/www.gruppopdregionetoscana.it\/web\/wp-json\/wp\/v2\/media?parent=20054"}],"wp:term":[{"taxonomy":"category","embeddable":true,"href":"https:\/\/www.gruppopdregionetoscana.it\/web\/wp-json\/wp\/v2\/categories?post=20054"},{"taxonomy":"post_tag","embeddable":true,"href":"https:\/\/www.gruppopdregionetoscana.it\/web\/wp-json\/wp\/v2\/tags?post=20054"}],"curies":[{"name":"wp","href":"https:\/\/api.w.org\/{rel}","templated":true}]}}