{"id":20098,"date":"2021-03-01T14:59:40","date_gmt":"2021-03-01T13:59:40","guid":{"rendered":"https:\/\/www.gruppopdregionetoscana.it\/web\/?p=20098"},"modified":"2021-03-01T15:03:40","modified_gmt":"2021-03-01T14:03:40","slug":"livorno-distretto-sanitario-di-via-del-mare-gazzetti-interroga-la-giunta-sullavanzamento-dei-lavori-serve-chiarire-i-motivi-dei-ritardi-e-trovare-subito-una-soluzione-temporanea","status":"publish","type":"post","link":"https:\/\/www.gruppopdregionetoscana.it\/web\/livorno-distretto-sanitario-di-via-del-mare-gazzetti-interroga-la-giunta-sullavanzamento-dei-lavori-serve-chiarire-i-motivi-dei-ritardi-e-trovare-subito-una-soluzione-temporanea\/","title":{"rendered":"Livorno; Distretto sanitario di Via del Mare, Gazzetti: interroga la Giunta sull\u2019avanzamento dei lavori: \u201cServe chiarire i motivi dei ritardi e trovare subito una soluzione temporanea. Soprattutto in tempo di pandemia irrinunciabile l&#8217;integrazione dei servizi territoriali&#8221;"},"content":{"rendered":"\n<div align=\"justify\"><span style=\"font-family: Calibri,sans-serif; font-size: small;\"><span style=\"font-size: medium;\"><i>Il consigliere regionale Pd,&nbsp;<\/i><\/span><span style=\"font-size: medium;\"><b><i>Francesco Gazzetti<\/i><\/b><\/span><span style=\"font-size: medium;\"><i>, ha presentato un\u2019interrogazione in merito lavori di riqualificazione del distretto sanitario Livorno Sud, situato in Via del Mare: \u201cServono tempi certi per la fine dei lavori ed \u00e8 indispensabile attivare rapidamente una soluzione temporanea per garantire alla popolazione servizi e prestazioni di prossimit\u00e0\u201d<\/i><\/span><\/span><\/div>\n<div align=\"justify\"><span style=\"font-family: Calibri,sans-serif; font-size: small;\"><span style=\"font-size: medium;\">&nbsp;<\/span><\/span><\/div>\n<div align=\"justify\"><span style=\"font-family: Calibri,sans-serif; font-size: small;\"><span style=\"font-size: medium;\">\u201cLa riqualificazione del distretto sanitario Livorno Sud, in via del Mare, \u00e8 un tema atteso dalla cittadinanza e oggi, in tempo di pandemia, rappresenta una struttura quanto mai necessaria per rispondere all\u2019integrazione dei servizi ospedalieri e territoriali.&nbsp; A fronte delle vicissitudini vissute dai lavori in questi anni&nbsp; &#8211; cos\u00ec come riportato dal quotidiano&nbsp;<\/span><span style=\"font-size: medium;\"><i>Il Tirreno<\/i><\/span><span style=\"font-size: medium;\">&nbsp;&#8211; e dei conseguenti ritardi nella realizzazione della Casa della Salute ho presentato, come annunciato, un\u2019interrogazione per avere maggiori informazioni sullo stato di avanzamento degli interventi in programma. E per chiedere quali misure \u00e8 possibile attivare per velocizzare i lavori, valutando anche di richiedere alla ditta aggiudicatrice di incrementare il personale sul cantiere. Attraverso l\u2019interrogazione ho domandato, inoltre, alla Giunta quali iniziative, di concerto con l\u2019Azienda Usl Toscana Nord Ovest, intenda assumere, in attesa della conclusione dei lavori, con l\u2019obiettivo di individuare velocemente una soluzione temporanea in grado di garantire alla cittadinanza i servizi di cui sono attualmente privati\u201d. E\u2019 quanto chiede alla Giunta regionale&nbsp;<\/span><span style=\"font-size: medium;\"><b>Francesco Gazzetti<\/b><\/span><span style=\"font-size: medium;\">, consigliere regionale Pd con l\u2019interrogazione&nbsp;<\/span><span style=\"font-size: medium;\"><i>In merito lavori di riqualificazione del distretto sanitario Livorno Sud, situato in Via del Mare<\/i><\/span><span style=\"font-size: medium;\">.<\/span><\/span><\/div>\n<div align=\"justify\"><span style=\"font-family: Calibri,sans-serif; font-size: small;\"><span style=\"font-size: medium;\">&nbsp;<\/span><\/span><\/div>\n<div align=\"justify\"><span style=\"font-family: Calibri,sans-serif; font-size: small;\"><span style=\"font-size: medium;\">\u201cGi\u00e0 negli anni passati il Consiglio regionale si \u00e8 impegnato per stimolare la riqualificazione del centro socio sanitario situato nell\u2019Ardenza, per migliorare e ampliare i servizi a disposizione della cittadinanza \u2013 conclude&nbsp;<\/span><span style=\"font-size: medium;\"><b>Gazzetti&nbsp;<\/b><\/span><span style=\"font-size: medium;\">\u2013 Ricordo che i lavori, assegnati nel giugno del 2018, in questi anni hanno subito interruzioni e rallentamenti, dovuti anche al perdurare dell\u2019emergenza sanitaria. La stessa emergenza che determina oggi la necessit\u00e0 di completare quanto prima la struttura e offrire ai bisogni sanitari della comunit\u00e0 una risposta adeguata. Per questo chiedo alla Giunta regionale di aiutarmi a chiarire ogni aspetto legato ai ritardi dei lavori di riqualificazione e, allo stesso tempo, in attesa della riqualificazione del presidio, a favorire la veloce individuazione di una soluzione temporanea. Il rafforzamento della sanit\u00e0 territoriale rappresenta uno degli obiettivi prioritari di politica sanitaria per la citt\u00e0 di Livorno e per tutta la Toscana, verso cui indirizzare il nostro sistema sanitario per i prossimi anni e sono certo che con l&#8217;operato della Giunta e con il lavoro della Dg Asl Casani, sempre attenta alle esigenze del territorio, si potranno individuare le migliori soluzioni possibili: perch\u00e9 adesso, davvero, non \u00e8 pi\u00f9 possibile attendere oltre\u201d.<\/span><\/span><\/div>\n","protected":false},"excerpt":{"rendered":"<p>Il consigliere regionale Pd,&nbsp;Francesco Gazzetti, ha presentato un\u2019interrogazione in merito lavori di riqualificazione del distretto sanitario Livorno Sud, situato in Via del Mare: \u201cServono tempi certi per la fine dei lavori ed \u00e8 indispensabile attivare rapidamente una soluzione temporanea per garantire alla popolazione servizi e prestazioni di prossimit\u00e0\u201d &nbsp; \u201cLa riqualificazione del distretto sanitario Livorno [&hellip;]<\/p>\n","protected":false},"author":41,"featured_media":15275,"comment_status":"closed","ping_status":"closed","sticky":false,"template":"","format":"standard","meta":{"_jetpack_memberships_contains_paid_content":false,"footnotes":""},"categories":[30,1002],"tags":[],"class_list":{"0":"post-20098","1":"post","2":"type-post","3":"status-publish","4":"format-standard","5":"has-post-thumbnail","7":"category-comunicati-stampa","8":"category-francesco-gazzetti","9":"czr-hentry"},"jetpack_featured_media_url":"https:\/\/www.gruppopdregionetoscana.it\/web\/wp-content\/uploads\/2017\/03\/sanita_sistema_sanitario_regionale_toscana_logo.jpg","jetpack_sharing_enabled":true,"_links":{"self":[{"href":"https:\/\/www.gruppopdregionetoscana.it\/web\/wp-json\/wp\/v2\/posts\/20098","targetHints":{"allow":["GET"]}}],"collection":[{"href":"https:\/\/www.gruppopdregionetoscana.it\/web\/wp-json\/wp\/v2\/posts"}],"about":[{"href":"https:\/\/www.gruppopdregionetoscana.it\/web\/wp-json\/wp\/v2\/types\/post"}],"author":[{"embeddable":true,"href":"https:\/\/www.gruppopdregionetoscana.it\/web\/wp-json\/wp\/v2\/users\/41"}],"replies":[{"embeddable":true,"href":"https:\/\/www.gruppopdregionetoscana.it\/web\/wp-json\/wp\/v2\/comments?post=20098"}],"version-history":[{"count":0,"href":"https:\/\/www.gruppopdregionetoscana.it\/web\/wp-json\/wp\/v2\/posts\/20098\/revisions"}],"wp:featuredmedia":[{"embeddable":true,"href":"https:\/\/www.gruppopdregionetoscana.it\/web\/wp-json\/wp\/v2\/media\/15275"}],"wp:attachment":[{"href":"https:\/\/www.gruppopdregionetoscana.it\/web\/wp-json\/wp\/v2\/media?parent=20098"}],"wp:term":[{"taxonomy":"category","embeddable":true,"href":"https:\/\/www.gruppopdregionetoscana.it\/web\/wp-json\/wp\/v2\/categories?post=20098"},{"taxonomy":"post_tag","embeddable":true,"href":"https:\/\/www.gruppopdregionetoscana.it\/web\/wp-json\/wp\/v2\/tags?post=20098"}],"curies":[{"name":"wp","href":"https:\/\/api.w.org\/{rel}","templated":true}]}}