{"id":20145,"date":"2021-03-11T17:53:07","date_gmt":"2021-03-11T16:53:07","guid":{"rendered":"https:\/\/www.gruppopdregionetoscana.it\/web\/?p=20145"},"modified":"2021-03-15T10:05:41","modified_gmt":"2021-03-15T09:05:41","slug":"crisi-covid-19-i-consiglieri-vannucci-e-fratoni-pd-governo-intervenga-sugli-affitti-degli-esercizi-commerciali","status":"publish","type":"post","link":"https:\/\/www.gruppopdregionetoscana.it\/web\/crisi-covid-19-i-consiglieri-vannucci-e-fratoni-pd-governo-intervenga-sugli-affitti-degli-esercizi-commerciali\/","title":{"rendered":"Crisi Covid-19, i consiglieri Vannucci e Fratoni (Pd) \u201cGoverno intervenga sugli affitti degli esercizi commerciali\u201d"},"content":{"rendered":"\n<p><em>Presentata una mozione che impegna la Giunta regionale ad attivarsi con il Governo<\/em><br><br>\u201cAttivarsi subito nei confronti del Governo, avanzando la questione anche in Conferenza delle Regioni, perch\u00e9 si cerchino ulteriori misure dirette alla riduzione degli affitti degli esercizi commerciali, con particolare riferimento alle aree a maggiore criticit\u00e0, da attuarsi tramite un percorso di detassazione rivolto ai proprietari di detti immobili, a partire dall\u2019IMU\u201d. E\u2019 quanto chiedono i consiglieri del Partito Democratico a Palazzo del Pegaso Andrea Vannucci e Federica Fratoni con una mozione presentata oggi \u201cIn merito a ulteriori misure dirette alla riduzione degli affitti per esercizi commerciali, con particolare riferimento alle aree caratterizzate da maggiori criticit\u00e0\u201d.<br><br>\u201cPer far fronte all&#8217;emergenza Coronavirus \u2013 spiegano i consiglieri \u2013 il Governo ha adottato numerose misure straordinarie per prevenirne ed arginarne l&#8217;espansione e gli effetti sul sistema economico. Un complesso organico di provvedimenti d&#8217;urgenza finalizzati a sostenere famiglie, lavoratori e imprese tra i quali il \u201cbonus affitti\u201d che ha disposto l&#8217;esenzione dall&#8217;IMU 2020 per numerose categorie di immobili produttivi, con particolare riferimento ai settori maggiormente colpiti dalla crisi. Con la legge di bilancio 2021 si prevedono l\u2019esenzione dalla prima rata dell&#8217;IMU 2021 per gli immobili dove si svolgono specifiche attivit\u00e0 connesse ai settori del turismo, della ricettivit\u00e0 alberghiera e degli spettacoli, e contestualmente si contemplano l\u2019incremento dell&#8217;apposito Fondo di ristoro destinato ai comuni. Molte amministrazioni comunali che hanno flussi turistici elevati accanto a questa misura statale hanno previsto una riduzione dei canoni degli affitti com<img loading=\"lazy\" decoding=\"async\" class=\"wp-image-19873 alignleft\" src=\"https:\/\/www.gruppopdregionetoscana.it\/web\/wp-content\/uploads\/2021\/01\/vannucci.png\" alt=\"\" width=\"150\" height=\"150\">merciali con l\u2019introduzione di una aliquota IMU specifica per quei locatori che provvedano a ridurre, mediante modifica del contratto, il canone di locazione mensile\u201d.<br><br>\u201cChiediamo alla Giunta di attivarsi quanto prima \u2013 prosegue Vannucci \u2013, non possiamo procedere ancora con misure emergenziali e di breve periodo, \u00e8 quantomai opportuno mettere in atto misure strutturali, perlomeno per il medio periodo, che prevedano l\u2019abbattimento del costo degli affitti anche attraverso interventi compensativi di natura fiscale finalizzati ad esonerare i proprietari dal pagamento di alcune tipologie di imposizione come ad esempio l\u2019IMU. Nelle citt\u00e0 vediamo quotidianamente abbassarsi le saracinesche di botteghe e attivit\u00e0 anche storiche, senza parlare di realt\u00e0 caratterizzate da contesti economici in difficolt\u00e0 e per questo gi\u00e0 alle prese con la gestione di situazioni complesse\u201d. <br><br><img loading=\"lazy\" decoding=\"async\" class=\"alignright wp-image-19847\" src=\"https:\/\/www.gruppopdregionetoscana.it\/web\/wp-content\/uploads\/2021\/01\/Fratoni_sito.png\" alt=\"\" width=\"150\" height=\"150\">\u201cL&#8217;atto presentato ha lo scopo di porre all&#8217;attenzione della Giunta, e del Governo, un tema estremamente urgente \u2013 spiega Fratoni &#8211; che \u00e8 stato posto all&#8217;attenzione, fra gli altri, dal Presidente della Camera di Commercio di Firenze Leonardo Bassilichi. Mentre le chiusure indotte dalle restrizioni stanno penalizzando fortemente gli incassi delle imprese, i costi fissi continuano a correre. Il nuovo &#8220;Decreto Sostegni&#8221; in via di definizione deve contenere misure adeguate a partire, come gi\u00e0 previsto nel primo &#8220;Decreto Ristori&#8221; di un anno fa, da forme di defiscalizzazione sulla tassazione locale. Questo pu\u00f2 rappresentare un aiuto concreto e immediato per sostenere un tessuto produttivo, e di servizi, che rischiamo di perdere irrimediabilmente&#8221;.<\/p>\n","protected":false},"excerpt":{"rendered":"<p>Presentata una mozione che impegna la Giunta regionale ad attivarsi con il Governo \u201cAttivarsi subito nei confronti del Governo, avanzando la questione anche in Conferenza delle Regioni, perch\u00e9 si cerchino ulteriori misure dirette alla riduzione degli affitti degli esercizi commerciali, con particolare riferimento alle aree a maggiore criticit\u00e0, da attuarsi tramite un percorso di detassazione [&hellip;]<\/p>\n","protected":false},"author":1,"featured_media":20147,"comment_status":"closed","ping_status":"closed","sticky":false,"template":"","format":"standard","meta":{"_jetpack_memberships_contains_paid_content":false,"footnotes":""},"categories":[2239,30,2232,124],"tags":[],"class_list":{"0":"post-20145","1":"post","2":"type-post","3":"status-publish","4":"format-standard","5":"has-post-thumbnail","7":"category-andrea-vannucci","8":"category-comunicati-stampa","9":"category-federica-fratoni","10":"category-propmozioni","11":"czr-hentry"},"jetpack_featured_media_url":"https:\/\/www.gruppopdregionetoscana.it\/web\/wp-content\/uploads\/2021\/03\/photo5931623696231936960.jpg","jetpack_sharing_enabled":true,"_links":{"self":[{"href":"https:\/\/www.gruppopdregionetoscana.it\/web\/wp-json\/wp\/v2\/posts\/20145","targetHints":{"allow":["GET"]}}],"collection":[{"href":"https:\/\/www.gruppopdregionetoscana.it\/web\/wp-json\/wp\/v2\/posts"}],"about":[{"href":"https:\/\/www.gruppopdregionetoscana.it\/web\/wp-json\/wp\/v2\/types\/post"}],"author":[{"embeddable":true,"href":"https:\/\/www.gruppopdregionetoscana.it\/web\/wp-json\/wp\/v2\/users\/1"}],"replies":[{"embeddable":true,"href":"https:\/\/www.gruppopdregionetoscana.it\/web\/wp-json\/wp\/v2\/comments?post=20145"}],"version-history":[{"count":0,"href":"https:\/\/www.gruppopdregionetoscana.it\/web\/wp-json\/wp\/v2\/posts\/20145\/revisions"}],"wp:featuredmedia":[{"embeddable":true,"href":"https:\/\/www.gruppopdregionetoscana.it\/web\/wp-json\/wp\/v2\/media\/20147"}],"wp:attachment":[{"href":"https:\/\/www.gruppopdregionetoscana.it\/web\/wp-json\/wp\/v2\/media?parent=20145"}],"wp:term":[{"taxonomy":"category","embeddable":true,"href":"https:\/\/www.gruppopdregionetoscana.it\/web\/wp-json\/wp\/v2\/categories?post=20145"},{"taxonomy":"post_tag","embeddable":true,"href":"https:\/\/www.gruppopdregionetoscana.it\/web\/wp-json\/wp\/v2\/tags?post=20145"}],"curies":[{"name":"wp","href":"https:\/\/api.w.org\/{rel}","templated":true}]}}