{"id":20296,"date":"2021-05-13T15:21:12","date_gmt":"2021-05-13T13:21:12","guid":{"rendered":"https:\/\/www.gruppopdregionetoscana.it\/web\/?p=20296"},"modified":"2021-05-13T15:26:29","modified_gmt":"2021-05-13T13:26:29","slug":"covid-19-melio-e-ceccarelli-sospendere-temporaneamente-i-brevetti-sui-vaccini","status":"publish","type":"post","link":"https:\/\/www.gruppopdregionetoscana.it\/web\/covid-19-melio-e-ceccarelli-sospendere-temporaneamente-i-brevetti-sui-vaccini\/","title":{"rendered":"Covid-19, Melio e Ceccarelli (Pd): \u00abSospendere temporaneamente i brevetti sui vaccini\u00bb"},"content":{"rendered":"\n<p>\u00abL\u2019intervento pi\u00f9 sicuro per contrastare e prevenire il Covid-19 nel mondo \u00e8 la distribuzione di massa dei vaccini purtroppo non ancora prodotti in dosi sufficienti per raggiungere la maggioranza della popolazione mondiale, per questo riteniamo necessario sospendere temporaneamente l\u2019attuale regime di propriet\u00e0 intellettuale stabilito dall\u2019Organizzazione mondiale del commercio. La Toscana, da sempre terra di civilt\u00e0 e diritti, sia protagonista del dibattito e si faccia promotrice di questa proposta, sostenendo l\u2019attivit\u00e0 del Parlamento e del Governo in sede europea\u00bb, lo dicono il consigliere regionale del Partito Democratico <strong>Iacopo Melio<\/strong> e il capogruppo dem <strong>Vincenzo Ceccarelli<\/strong> illustrando i contenuti della mozione depositata in Consiglio regionale di cui sono primi firmatari.<\/p>\n<p>Le proiezioni sulla disponibilit\u00e0 dei vaccini dimostrano che sar\u00e0 impossibile vaccinare il 70% della popolazione mondiale per raggiungere la cosiddetta immunit\u00e0 di gregge entro il 2021. Secondo le statistiche di Medici Senza Frontiere la prima fase della campagna vaccinale in corso ha escluso, di fatto, la maggior parte dei Paesi a medio e basso reddito e somministrato il 75% dei vaccini prodotti in soli 10 Paesi del mondo. Per i consiglieri regionali del Pd non \u00e8 questa la direzione giusta.<\/p>\n<p>\u00abLa pandemia ci insegna che nessuno si salva da solo e non \u00e8 legittimo n\u00e9 tantomeno realistico ritenere che una parte del mondo si possa mettere al sicuro vaccinando la propria popolazione ma lasciando tutti gli altri in balia del virus \u2013 spiegano <strong>Melio e Ceccarelli<\/strong> &#8211; Il diritto alla salute di ogni individuo \u00e8 un diritto umano imprescindibile, che oggi si traduce anche con la capacit\u00e0 di garantire vaccini contro il Covid-19 accessibili e gratuiti a chiunque, indipendentemente dal luogo di nascita, dallo stato economico e dalla condizione sociale. Inoltre, per evitare il rischio di una nuova escalation dei contagi, favorita da nuove varianti che si potrebbero formare nei Paesi dove il virus continua a proliferare minando la sicurezza anche dei Paesi dove la campagna vaccinale \u00e8 stata effettuata con successo, \u00e8 necessario garantire la produzione e la distribuzione diffuse di vaccini in tutti i Paesi del mondo con un coinvolgimento attivo di tutti i soggetti della cooperazione internazionale\u00bb.<\/p>\n<p>\u00abL\u2019unico strumento che pu\u00f2 garantire questo obiettivo \u00e8 la sospensione, temporanea, dei brevetti sui vaccini che permetterebbe di allargare la produzione per far fronte alla vaccinazione dei 7 miliardi di cittadini del mondo \u2013 aggiungono <strong>Melio e Ceccarelli<\/strong> \u2013 questa misura \u00e8 gi\u00e0 prevista dal TRIPs (Trade, related aspects of intellectual property rights) adottato a Marrakech nel 1994, che prevede la possibilit\u00e0 di sospendere temporaneamente i brevetti in caso di emergenze di sanit\u00e0 pubblica, \u00e8 sollecitata dalle risoluzioni del Parlamento italiano e del Consiglio d\u2019Europa, \u00e8 stata richiesta da Paesi duramente colpiti dall\u2019epidemia come India e Sudafrica e accolta da importanti personalit\u00e0 quali i presidenti Biden, Draghi, Macron e Putin. Crediamo sia arrivato il momento di fare un concreto passo in avanti in questa direzione e con il nostro atto vogliamo dare un ulteriore stimolo a questa battaglia di civilt\u00e0\u00bb.<\/p>\n","protected":false},"excerpt":{"rendered":"<p>\u00abL\u2019intervento pi\u00f9 sicuro per contrastare e prevenire il Covid-19 nel mondo \u00e8 la distribuzione di massa dei vaccini purtroppo non ancora prodotti in dosi sufficienti per raggiungere la maggioranza della popolazione mondiale, per questo riteniamo necessario sospendere temporaneamente l\u2019attuale regime di propriet\u00e0 intellettuale stabilito dall\u2019Organizzazione mondiale del commercio. La Toscana, da sempre terra di civilt\u00e0 [&hellip;]<\/p>\n","protected":false},"author":1,"featured_media":20299,"comment_status":"closed","ping_status":"closed","sticky":false,"template":"","format":"standard","meta":{"_jetpack_memberships_contains_paid_content":false,"footnotes":""},"categories":[30,2234,124,2222],"tags":[2221,1689],"class_list":{"0":"post-20296","1":"post","2":"type-post","3":"status-publish","4":"format-standard","5":"has-post-thumbnail","7":"category-comunicati-stampa","8":"category-iacopo-melio","9":"category-propmozioni","10":"category-vincenzo-ceccarelli","11":"tag-covid19","12":"tag-vaccini","13":"czr-hentry"},"jetpack_featured_media_url":"https:\/\/www.gruppopdregionetoscana.it\/web\/wp-content\/uploads\/2021\/05\/download-2.jpg","jetpack_sharing_enabled":true,"_links":{"self":[{"href":"https:\/\/www.gruppopdregionetoscana.it\/web\/wp-json\/wp\/v2\/posts\/20296","targetHints":{"allow":["GET"]}}],"collection":[{"href":"https:\/\/www.gruppopdregionetoscana.it\/web\/wp-json\/wp\/v2\/posts"}],"about":[{"href":"https:\/\/www.gruppopdregionetoscana.it\/web\/wp-json\/wp\/v2\/types\/post"}],"author":[{"embeddable":true,"href":"https:\/\/www.gruppopdregionetoscana.it\/web\/wp-json\/wp\/v2\/users\/1"}],"replies":[{"embeddable":true,"href":"https:\/\/www.gruppopdregionetoscana.it\/web\/wp-json\/wp\/v2\/comments?post=20296"}],"version-history":[{"count":0,"href":"https:\/\/www.gruppopdregionetoscana.it\/web\/wp-json\/wp\/v2\/posts\/20296\/revisions"}],"wp:featuredmedia":[{"embeddable":true,"href":"https:\/\/www.gruppopdregionetoscana.it\/web\/wp-json\/wp\/v2\/media\/20299"}],"wp:attachment":[{"href":"https:\/\/www.gruppopdregionetoscana.it\/web\/wp-json\/wp\/v2\/media?parent=20296"}],"wp:term":[{"taxonomy":"category","embeddable":true,"href":"https:\/\/www.gruppopdregionetoscana.it\/web\/wp-json\/wp\/v2\/categories?post=20296"},{"taxonomy":"post_tag","embeddable":true,"href":"https:\/\/www.gruppopdregionetoscana.it\/web\/wp-json\/wp\/v2\/tags?post=20296"}],"curies":[{"name":"wp","href":"https:\/\/api.w.org\/{rel}","templated":true}]}}