{"id":20304,"date":"2021-05-13T16:30:28","date_gmt":"2021-05-13T14:30:28","guid":{"rendered":"https:\/\/www.gruppopdregionetoscana.it\/web\/?p=20304"},"modified":"2021-05-13T16:31:44","modified_gmt":"2021-05-13T14:31:44","slug":"ristori-per-il-sistema-neve-niccolai-grazie-alla-regione-piu-risorse-per-lappennino","status":"publish","type":"post","link":"https:\/\/www.gruppopdregionetoscana.it\/web\/ristori-per-il-sistema-neve-niccolai-grazie-alla-regione-piu-risorse-per-lappennino\/","title":{"rendered":"Ristori per il \u2018sistema neve\u2019. Niccolai: \u00abGrazie alla Regione pi\u00f9 risorse per l\u2019appennino\u00bb"},"content":{"rendered":"\n<p style=\"font-weight: 400;\">\u00abRafforzare l&#8217;azione della Regione che si \u00e8 impegnata a chiedere la modifica dei criteri di ripartizione dei ristori alle attivit\u00e0 economiche del cosiddetto \u2018sistema neve\u2019 e invitare la Giunta regionale a valutare la possibilit\u00e0 di esonerare i gestori degli impianti o sospendere i pagamenti dei canoni di concessione in quanto, in assenza di attivit\u00e0, si configurano come costi difficilmente sostenibili\u00bb, \u00e8 questo il contenuto della risoluzione approvata in Consiglio regionale dal Partito Democratico ed illustrata in aula da <strong>Marco Niccolai<\/strong>, presidente della Commissione consiliare per la valorizzazione e la tutela delle Aree interne che aveva gi\u00e0 approvato l\u2019atto dopo un percorso di audizioni che aveva coinvolto i Comuni di Abetone Cutigliano,&nbsp; Abbadia San Salvatore,&nbsp; Careggine e Castiglione Garfagnana, oltre ad Anef e Federfuni per i gestori.<\/p>\n<p style=\"font-weight: 400;\">\u00abI parametri scelti inizialmente per la ripartizione dei ristori prendevano a riferimento il numero di presenze turistiche, che avrebbe penalizzato fortemente l\u2019Appennino a tutto vantaggio delle regioni dolomitiche \u2013 spiega Niccolai \u2013 la Toscana ha ottenuto insieme alle altre regioni di ribaltare questo meccanismo in favore di un criterio pi\u00f9 equo. L\u2019indennizzo, quindi, dovrebbe essere correlato ai mancati ricavi riferiti alla stagione 2020\/2021 con riferimento ai due migliori anni dell\u2019ultimo triennio. In questo modo si potranno ristorare i costi incomprimibili che i gestori degli impianti hanno comunque dovuto sostenere, in rapporto alla loro dimensione aziendale. Il confronto tra le Regioni rispetto alla suddivisione dei 700 milioni di euro previsti dal decreto Sostegni \u00e8 stato positivo e anche grazie all\u2019impegno dell\u2019assessore Marras la proposta che \u00e8 stata concordata e trasmessa al Governo \u00e8 assolutamente positiva e tiene conto delle esigenze degli impianti situati nell\u2019appennino. Per la Toscana significa 2,3 milioni per gli impianti sciistici a cui si aggiungono 2,5 mln di euro per i comprensori sciistici afferenti ai sei comuni toscani sede di impianti, andando a sostenere in modo ancora pi\u00f9 forte bar, ristoranti, alberghi e altre attivit\u00e0 turistiche e ricettive di queste aree montane. Per questo \u00e8 necessario che il Governo definisca in modo chiaro il perimetro dei \u201ccomprensori turistici\u201d nel senso di ricomprendere non solo i Comuni sede di impianto ma anche i territori contermini che, chiaramente, sono strettamente collegati dal punto di vista economico e sociale\u00bb.<\/p>\n<p style=\"font-weight: 400;\">\u00abCon la risoluzione approvata dal Consiglio regionale esprimiamo apprezzamento per il lavoro svolto fin qui dalla Regione e rafforziamo l&#8217;azione della Giunta per la modifica del decreto Sostegni \u2013 conclude Niccolai -Voglio ringraziare l&#8217;assessore Marras per il prezioso lavoro che ha svolto per la montagna toscana, che adesso mi auguro venga recepito dal Governo\u00bb.<\/p>\n","protected":false},"excerpt":{"rendered":"<p>\u00abRafforzare l&#8217;azione della Regione che si \u00e8 impegnata a chiedere la modifica dei criteri di ripartizione dei ristori alle attivit\u00e0 economiche del cosiddetto \u2018sistema neve\u2019 e invitare la Giunta regionale a valutare la possibilit\u00e0 di esonerare i gestori degli impianti o sospendere i pagamenti dei canoni di concessione in quanto, in assenza di attivit\u00e0, si [&hellip;]<\/p>\n","protected":false},"author":1,"featured_media":20142,"comment_status":"closed","ping_status":"closed","sticky":false,"template":"","format":"standard","meta":{"_jetpack_memberships_contains_paid_content":false,"footnotes":""},"categories":[30,969,723],"tags":[1602],"class_list":{"0":"post-20304","1":"post","2":"type-post","3":"status-publish","4":"format-standard","5":"has-post-thumbnail","7":"category-comunicati-stampa","8":"category-marco-niccolai","9":"category-risoluzioni","10":"tag-ristori","11":"czr-hentry"},"jetpack_featured_media_url":"https:\/\/www.gruppopdregionetoscana.it\/web\/wp-content\/uploads\/2021\/03\/niccolai-schermata.jpg","jetpack_sharing_enabled":true,"_links":{"self":[{"href":"https:\/\/www.gruppopdregionetoscana.it\/web\/wp-json\/wp\/v2\/posts\/20304","targetHints":{"allow":["GET"]}}],"collection":[{"href":"https:\/\/www.gruppopdregionetoscana.it\/web\/wp-json\/wp\/v2\/posts"}],"about":[{"href":"https:\/\/www.gruppopdregionetoscana.it\/web\/wp-json\/wp\/v2\/types\/post"}],"author":[{"embeddable":true,"href":"https:\/\/www.gruppopdregionetoscana.it\/web\/wp-json\/wp\/v2\/users\/1"}],"replies":[{"embeddable":true,"href":"https:\/\/www.gruppopdregionetoscana.it\/web\/wp-json\/wp\/v2\/comments?post=20304"}],"version-history":[{"count":0,"href":"https:\/\/www.gruppopdregionetoscana.it\/web\/wp-json\/wp\/v2\/posts\/20304\/revisions"}],"wp:featuredmedia":[{"embeddable":true,"href":"https:\/\/www.gruppopdregionetoscana.it\/web\/wp-json\/wp\/v2\/media\/20142"}],"wp:attachment":[{"href":"https:\/\/www.gruppopdregionetoscana.it\/web\/wp-json\/wp\/v2\/media?parent=20304"}],"wp:term":[{"taxonomy":"category","embeddable":true,"href":"https:\/\/www.gruppopdregionetoscana.it\/web\/wp-json\/wp\/v2\/categories?post=20304"},{"taxonomy":"post_tag","embeddable":true,"href":"https:\/\/www.gruppopdregionetoscana.it\/web\/wp-json\/wp\/v2\/tags?post=20304"}],"curies":[{"name":"wp","href":"https:\/\/api.w.org\/{rel}","templated":true}]}}