{"id":20342,"date":"2021-05-20T15:46:07","date_gmt":"2021-05-20T13:46:07","guid":{"rendered":"https:\/\/www.gruppopdregionetoscana.it\/web\/?p=20342"},"modified":"2021-05-20T15:46:09","modified_gmt":"2021-05-20T13:46:09","slug":"il-tirreno-mozione-pd-in-consiglio-regionale-gazzetti-ceccarelli-e-pescini-solidarieta-e-vicinanza-ai-giornalisti-e-ai-lavoratori-della-testata-linformazione-di-qualita-e-presidio","status":"publish","type":"post","link":"https:\/\/www.gruppopdregionetoscana.it\/web\/il-tirreno-mozione-pd-in-consiglio-regionale-gazzetti-ceccarelli-e-pescini-solidarieta-e-vicinanza-ai-giornalisti-e-ai-lavoratori-della-testata-linformazione-di-qualita-e-presidio\/","title":{"rendered":"Il Tirreno, mozione Pd in Consiglio regionale; Gazzetti, Ceccarelli e Pescini: \u00abSolidariet\u00e0 e vicinanza ai giornalisti e ai lavoratori della testata. L\u2019informazione di qualit\u00e0 \u00e8 presidio irrinunciabile per la democrazia\u00bb"},"content":{"rendered":"\n<p style=\"font-weight: 400;\"><em>Il gruppo consiliare del Partito democratico chiede alla Giunta regionale di monitorare la vertenza dello storico quotidiano al fine di salvaguardare la qualit\u00e0 del lavoro dei giornalisti e dei professionisti coinvolti<\/em><\/p>\n<p style=\"font-weight: 400;\">\u00abSolidariet\u00e0 e vicinanza ai giornalisti de\u00a0<em>Il Tirreno<\/em>\u00a0che nei giorni scorsi hanno promosso scioperi o stati di agitazione che hanno evidenziato i loro timori rispetto a recenti proposte aziendali. Una forte preoccupazione espressa dai comitati di redazione delle testate coinvolte che nei giorni scorsi hanno ufficializzato le giornate di protesta rispetto a ogni decisione che possa influire sulla qualit\u00e0 del lavoro e sulla realizzazione dei prodotti editoriali. Una situazione, di cui auspichiamo il superamento, e per la quale richiamiamo l\u2019attenzione anche da parte della Regione. Con una mozione chiediamo alla Giunta di monitorare costantemente l\u2019evoluzione della vertenza portata avanti dai giornalisti e dai professionisti interessati dal piano di riorganizzazione affinch\u00e9, consapevoli della crisi in cui si trova il settore dell&#8217;editoria, venga salvaguardata l\u2019occupazione e la qualit\u00e0 dei servizi giornalistici di un presidio storico dell\u2019informazione toscana\u00bb. E\u2019 quanto dichiara\u00a0<strong>Francesco Gazzetti<\/strong>, consigliere regionale Pd, insieme a\u00a0<strong>Vincenzo Ceccarelli<\/strong>, capogruppo dem e\u00a0<strong>Massimiliano Pescini<\/strong>, vicecapogruppo, presentando la mozione\u00a0<em>In merito alla situazione occupazionale del quotidiano Il Tirreno.<\/em><\/p>\n<p style=\"font-weight: 400;\">\u00abSecondo la classifica Accertamenti Diffusione Stampa (Ads)\u00a0<em>Il Tirreno<\/em>\u00a0risulta tra i primi venti giornali venduti in Italia e online, oltre a rappresentare uno strumento indispensabile del confronto democratico in grado di contribuire a stimolare e arricchire l\u2019offerta informativa regionale \u2013 continuano\u00a0<strong>Gazzetti, Ceccarelli\u00a0<\/strong>e<strong>\u00a0Pescini<\/strong>\u00a0&#8211; Una possibile riduzione delle professionalit\u00e0 nell\u2019attivit\u00e0 della redazione rischierebbe di impoverire i contenuti e la qualit\u00e0 redazionale che da sempre caratterizzano il giornale. Lo Statuto della Regione Toscana richiama \u201cla promozione dei diritti al pluralismo dell\u2019informazione e della comunicazione, dell\u2019accesso alla cultura come bisogno individuale e valore collettivo\u201d. In un tempo di crisi sociale ed economica e di emergenza sanitaria come quello che stiamo vivendo e che tutti noi auspichiamo di poterci lasciare presto alle spalle, ancora una volta, abbiamo potuto toccare con mano il ruolo fondamentale svolto dai mezzi di informazione. Salvaguardare l\u2019occupazione di chi svolge un lavoro cos\u00ec delicato e importante significa tutelare la qualit\u00e0 del dibattito pubblico e della nostra democrazia: un valore per cui oggi pi\u00f9 che mai la politica e le istituzioni a tutti i livelli sono chiamate a mobilitarsi\u00bb<\/p>\n","protected":false},"excerpt":{"rendered":"<p>Il gruppo consiliare del Partito democratico chiede alla Giunta regionale di monitorare la vertenza dello storico quotidiano al fine di salvaguardare la qualit\u00e0 del lavoro dei giornalisti e dei professionisti coinvolti \u00abSolidariet\u00e0 e vicinanza ai giornalisti de\u00a0Il Tirreno\u00a0che nei giorni scorsi hanno promosso scioperi o stati di agitazione che hanno evidenziato i loro timori rispetto [&hellip;]<\/p>\n","protected":false},"author":41,"featured_media":20343,"comment_status":"closed","ping_status":"closed","sticky":false,"template":"","format":"standard","meta":{"_jetpack_memberships_contains_paid_content":false,"footnotes":""},"categories":[30,1002,2229,2222],"tags":[],"class_list":{"0":"post-20342","1":"post","2":"type-post","3":"status-publish","4":"format-standard","5":"has-post-thumbnail","7":"category-comunicati-stampa","8":"category-francesco-gazzetti","9":"category-massimiliano-pescini","10":"category-vincenzo-ceccarelli","11":"czr-hentry"},"jetpack_featured_media_url":"https:\/\/www.gruppopdregionetoscana.it\/web\/wp-content\/uploads\/2021\/05\/Tirreno.jpg","jetpack_sharing_enabled":true,"_links":{"self":[{"href":"https:\/\/www.gruppopdregionetoscana.it\/web\/wp-json\/wp\/v2\/posts\/20342","targetHints":{"allow":["GET"]}}],"collection":[{"href":"https:\/\/www.gruppopdregionetoscana.it\/web\/wp-json\/wp\/v2\/posts"}],"about":[{"href":"https:\/\/www.gruppopdregionetoscana.it\/web\/wp-json\/wp\/v2\/types\/post"}],"author":[{"embeddable":true,"href":"https:\/\/www.gruppopdregionetoscana.it\/web\/wp-json\/wp\/v2\/users\/41"}],"replies":[{"embeddable":true,"href":"https:\/\/www.gruppopdregionetoscana.it\/web\/wp-json\/wp\/v2\/comments?post=20342"}],"version-history":[{"count":0,"href":"https:\/\/www.gruppopdregionetoscana.it\/web\/wp-json\/wp\/v2\/posts\/20342\/revisions"}],"wp:featuredmedia":[{"embeddable":true,"href":"https:\/\/www.gruppopdregionetoscana.it\/web\/wp-json\/wp\/v2\/media\/20343"}],"wp:attachment":[{"href":"https:\/\/www.gruppopdregionetoscana.it\/web\/wp-json\/wp\/v2\/media?parent=20342"}],"wp:term":[{"taxonomy":"category","embeddable":true,"href":"https:\/\/www.gruppopdregionetoscana.it\/web\/wp-json\/wp\/v2\/categories?post=20342"},{"taxonomy":"post_tag","embeddable":true,"href":"https:\/\/www.gruppopdregionetoscana.it\/web\/wp-json\/wp\/v2\/tags?post=20342"}],"curies":[{"name":"wp","href":"https:\/\/api.w.org\/{rel}","templated":true}]}}