{"id":20365,"date":"2021-06-01T15:58:28","date_gmt":"2021-06-01T13:58:28","guid":{"rendered":"https:\/\/www.gruppopdregionetoscana.it\/web\/?p=20365"},"modified":"2021-06-01T15:58:30","modified_gmt":"2021-06-01T13:58:30","slug":"giornalisti-giachi-settore-va-difeso-e-tutelato-durante-la-pandemia-ha-lottato-contro-le-fake-news","status":"publish","type":"post","link":"https:\/\/www.gruppopdregionetoscana.it\/web\/giornalisti-giachi-settore-va-difeso-e-tutelato-durante-la-pandemia-ha-lottato-contro-le-fake-news\/","title":{"rendered":"Giornalisti; Giachi: \u00abSettore va difeso e tutelato. Durante la pandemia ha lottato contro le fake news\u00bb"},"content":{"rendered":"\n<p style=\"font-weight: 400;\"><em>La presidente della Commissione Istruzione e cultura dell\u2019Assemblea toscana interviene sul presidio dei giornalisti toscani: \u00abPrecariato e sfruttamento sono una minaccia per la libert\u00e0 di informazione\u00bb<\/em><\/p>\n<p style=\"font-weight: 400;\">\u00abSolidariet\u00e0 e vicinanza ai giornalisti che oggi sono scesi in piazza a Firenze e in tutti i capoluoghi del Paese a difesa del futuro, della qualit\u00e0 e del pluralismo dell\u2019informazione. Come presidente della commissione consiliare regionale che si occupa di istruzione, cultura, formazione e dunque anche di informazione raccolgo le preoccupazioni e condivido il grido di allarme dell\u2019Ordine dei giornalisti della Toscana e dell\u2019Associazione stampa a salvaguardia di una categoria che ricopre un ruolo cruciale per la qualit\u00e0 della democrazia e il livello del dibattito pubblico. Precariato e basse retribuzioni, che in molti casi \u00e8 bene chiamare sfruttamento, sono una minaccia per la libert\u00e0 di informazione e l\u2019autonomia professionale. Quello del giornalista \u00e8 un mestiere da sempre in prima linea: ne abbiamo avuto prova anche durante le fasi pi\u00f9 dure e rischiose della pandemia, in cui l\u2019informazione puntuale e di qualit\u00e0 ha saputo fare la differenza offrendo un servizio fondamentale ai cittadini, contrastando con l\u2019arma della verit\u00e0 le fake news che, come ha dichiarato l\u2019Oms, hanno non poco complicato la gestione dell\u2019epidemia. A fronte di una crisi dell\u2019editoria senza precedenti sia come rappresentanti delle istituzioni che come cittadini abbiamo il dovere di sostenere le battaglie legittime di un settore che chiede una giusta retribuzione, a partire dal rispetto della normativa sull\u2019equo compenso, il superamento di leggi obsolete e investimenti adeguati per lo sviluppo del digitale. Dalla Toscana un appello affinch\u00e9 le risorse del Next Generation EU, destinate ad aprire una nuova fase nel Paese, siano opportunit\u00e0 di riscatto e di sviluppo per un settore fin troppo penalizzato: per il diritto dei giornalisti a informare e dei cittadini ad essere informati\u00bb. E\u2019 quanto dichiara\u00a0<strong>Cristina Giachi<\/strong>, consigliera regionale Pd e presidente della Commissione Istruzione, formazione, beni e attivit\u00e0 culturali a sostegno del presidio organizzato questa mattina Firenze dal Consiglio regionale dell\u2019Ordine dei giornalisti e dall\u2019Associazione stampa toscana.<\/p>\n","protected":false},"excerpt":{"rendered":"<p>La presidente della Commissione Istruzione e cultura dell\u2019Assemblea toscana interviene sul presidio dei giornalisti toscani: \u00abPrecariato e sfruttamento sono una minaccia per la libert\u00e0 di informazione\u00bb \u00abSolidariet\u00e0 e vicinanza ai giornalisti che oggi sono scesi in piazza a Firenze e in tutti i capoluoghi del Paese a difesa del futuro, della qualit\u00e0 e del pluralismo [&hellip;]<\/p>\n","protected":false},"author":41,"featured_media":20366,"comment_status":"closed","ping_status":"closed","sticky":false,"template":"","format":"standard","meta":{"_jetpack_memberships_contains_paid_content":false,"footnotes":""},"categories":[30,2233],"tags":[],"class_list":{"0":"post-20365","1":"post","2":"type-post","3":"status-publish","4":"format-standard","5":"has-post-thumbnail","7":"category-comunicati-stampa","8":"category-cristina-giachi","9":"czr-hentry"},"jetpack_featured_media_url":"https:\/\/www.gruppopdregionetoscana.it\/web\/wp-content\/uploads\/2021\/06\/stampad-635d2d72eb53.jpg","jetpack_sharing_enabled":true,"_links":{"self":[{"href":"https:\/\/www.gruppopdregionetoscana.it\/web\/wp-json\/wp\/v2\/posts\/20365","targetHints":{"allow":["GET"]}}],"collection":[{"href":"https:\/\/www.gruppopdregionetoscana.it\/web\/wp-json\/wp\/v2\/posts"}],"about":[{"href":"https:\/\/www.gruppopdregionetoscana.it\/web\/wp-json\/wp\/v2\/types\/post"}],"author":[{"embeddable":true,"href":"https:\/\/www.gruppopdregionetoscana.it\/web\/wp-json\/wp\/v2\/users\/41"}],"replies":[{"embeddable":true,"href":"https:\/\/www.gruppopdregionetoscana.it\/web\/wp-json\/wp\/v2\/comments?post=20365"}],"version-history":[{"count":0,"href":"https:\/\/www.gruppopdregionetoscana.it\/web\/wp-json\/wp\/v2\/posts\/20365\/revisions"}],"wp:featuredmedia":[{"embeddable":true,"href":"https:\/\/www.gruppopdregionetoscana.it\/web\/wp-json\/wp\/v2\/media\/20366"}],"wp:attachment":[{"href":"https:\/\/www.gruppopdregionetoscana.it\/web\/wp-json\/wp\/v2\/media?parent=20365"}],"wp:term":[{"taxonomy":"category","embeddable":true,"href":"https:\/\/www.gruppopdregionetoscana.it\/web\/wp-json\/wp\/v2\/categories?post=20365"},{"taxonomy":"post_tag","embeddable":true,"href":"https:\/\/www.gruppopdregionetoscana.it\/web\/wp-json\/wp\/v2\/tags?post=20365"}],"curies":[{"name":"wp","href":"https:\/\/api.w.org\/{rel}","templated":true}]}}