{"id":20373,"date":"2021-06-01T18:52:00","date_gmt":"2021-06-01T16:52:00","guid":{"rendered":"https:\/\/www.gruppopdregionetoscana.it\/web\/?p=20373"},"modified":"2021-06-03T09:54:36","modified_gmt":"2021-06-03T07:54:36","slug":"circoli-iniziative-sociali-e-culturali-una-mozione-ne-chiede-la-ripartenza-da-subito","status":"publish","type":"post","link":"https:\/\/www.gruppopdregionetoscana.it\/web\/circoli-iniziative-sociali-e-culturali-una-mozione-ne-chiede-la-ripartenza-da-subito\/","title":{"rendered":"Circoli, Iniziative sociali e culturali, una mozione ne chiede la ripartenza da subito\u00a0"},"content":{"rendered":"\n<p><strong>Pescini e Sostegni: \u201cI circoli devono poter ripartire come e altre attivit\u00e0\u201d <\/strong><\/p>\n<p>Una mozione a doppia firma, quelle del vice capogruppo del Partito democratico <strong>Massimiliano Pescini<\/strong>, e di <strong>Enrico Sostegni<\/strong>, presidente della commissione Sanit\u00e0 e politiche sociali, per chiedere alla giunta regionale d&#8217;impegnarsi affinch\u00e9 sia consentito ai circoli di promozione sociale di riavviare tutte le attivit\u00e0 sociali e culturali prima della data individuata del 1\u00b0 luglio 2021, nel rispetto delle norme igienico-sanitarie ed in analogia con quanto gi\u00e0 consentito a soggetti che esercitano le stesse attivit\u00e0.<\/p>\n<p>\u00abLa chiusura dei circoli a seguito dell\u2019emergenza sanitaria- spiegano Pescini e Sostegni- ha determinato per le associazioni che li gestiscono una serie di difficolt\u00e0, in particolare sotto il profilo della gestione finanziaria; a tale riguardo il Governo ha messo in atto una serie di interventi al fine di fronteggiare le difficolt\u00e0 dei vari settori colpiti dalle conseguenze della pandemia, che per il settore in oggetto si \u00e8 concretizzato nell\u2019individuazione di uno specifico fondo ristori dedicato al terzo settore. Anche la Regione Toscana \u00e8 intervenuta a sostegno del settore mediante un avviso pubblico per la concessione al terzo settore di contributi finalizzati a fronteggiare le conseguenze determinate dall\u2019emergenza.<\/p>\n<p>Troviamo discriminatorio che ad oggi con teatri, cinema, eventi sportivi aperti al pubblico, i circoli non possano fare attivit\u00e0 sociali e culturali, che servono ad autofinanziarsi e attivano una serie di servizi preziosi per la comunit\u00e0, che ravvivano soprattutto i centri pi\u00f9 piccoli e le frazioni. Per questo &#8211; concludono i due consiglieri regionali &#8211; abbiamo promosso questa mozione che chiede di far riaprire i circoli da subito anche in zona gialla\u00bb.<\/p>\n","protected":false},"excerpt":{"rendered":"<p>Pescini e Sostegni: \u201cI circoli devono poter ripartire come e altre attivit\u00e0\u201d Una mozione a doppia firma, quelle del vice capogruppo del Partito democratico Massimiliano Pescini, e di Enrico Sostegni, presidente della commissione Sanit\u00e0 e politiche sociali, per chiedere alla giunta regionale d&#8217;impegnarsi affinch\u00e9 sia consentito ai circoli di promozione sociale di riavviare tutte le [&hellip;]<\/p>\n","protected":false},"author":1,"featured_media":19905,"comment_status":"closed","ping_status":"closed","sticky":false,"template":"","format":"standard","meta":{"_jetpack_memberships_contains_paid_content":false,"footnotes":""},"categories":[30,972,2229],"tags":[],"class_list":{"0":"post-20373","1":"post","2":"type-post","3":"status-publish","4":"format-standard","5":"has-post-thumbnail","7":"category-comunicati-stampa","8":"category-enrico-sostegni","9":"category-massimiliano-pescini","10":"czr-hentry"},"jetpack_featured_media_url":"https:\/\/www.gruppopdregionetoscana.it\/web\/wp-content\/uploads\/2021\/01\/arciacli.jpg","jetpack_sharing_enabled":true,"_links":{"self":[{"href":"https:\/\/www.gruppopdregionetoscana.it\/web\/wp-json\/wp\/v2\/posts\/20373","targetHints":{"allow":["GET"]}}],"collection":[{"href":"https:\/\/www.gruppopdregionetoscana.it\/web\/wp-json\/wp\/v2\/posts"}],"about":[{"href":"https:\/\/www.gruppopdregionetoscana.it\/web\/wp-json\/wp\/v2\/types\/post"}],"author":[{"embeddable":true,"href":"https:\/\/www.gruppopdregionetoscana.it\/web\/wp-json\/wp\/v2\/users\/1"}],"replies":[{"embeddable":true,"href":"https:\/\/www.gruppopdregionetoscana.it\/web\/wp-json\/wp\/v2\/comments?post=20373"}],"version-history":[{"count":0,"href":"https:\/\/www.gruppopdregionetoscana.it\/web\/wp-json\/wp\/v2\/posts\/20373\/revisions"}],"wp:featuredmedia":[{"embeddable":true,"href":"https:\/\/www.gruppopdregionetoscana.it\/web\/wp-json\/wp\/v2\/media\/19905"}],"wp:attachment":[{"href":"https:\/\/www.gruppopdregionetoscana.it\/web\/wp-json\/wp\/v2\/media?parent=20373"}],"wp:term":[{"taxonomy":"category","embeddable":true,"href":"https:\/\/www.gruppopdregionetoscana.it\/web\/wp-json\/wp\/v2\/categories?post=20373"},{"taxonomy":"post_tag","embeddable":true,"href":"https:\/\/www.gruppopdregionetoscana.it\/web\/wp-json\/wp\/v2\/tags?post=20373"}],"curies":[{"name":"wp","href":"https:\/\/api.w.org\/{rel}","templated":true}]}}