{"id":20387,"date":"2021-06-04T11:36:46","date_gmt":"2021-06-04T09:36:46","guid":{"rendered":"https:\/\/www.gruppopdregionetoscana.it\/web\/?p=20387"},"modified":"2021-06-04T11:36:48","modified_gmt":"2021-06-04T09:36:48","slug":"tirocini-merlotti-presenta-una-mozione-strumento-da-rafforzare-la-regione-stanzi-100-euro-in-piu-per-ogni-partecipante","status":"publish","type":"post","link":"https:\/\/www.gruppopdregionetoscana.it\/web\/tirocini-merlotti-presenta-una-mozione-strumento-da-rafforzare-la-regione-stanzi-100-euro-in-piu-per-ogni-partecipante\/","title":{"rendered":"Tirocini, Merlotti presenta una mozione: \u00abStrumento da rafforzare. La Regione stanzi 100 euro in pi\u00f9 per ogni partecipante\u00bb"},"content":{"rendered":"\n<div class=\"gs\">\n<div class=\"\">\n<div id=\":pp\" class=\"ii gt\">\n<div id=\":po\" class=\"a3s aiL \">\n<div align=\"justify\"><span style=\"font-family: Calibri,sans-serif; font-size: medium;\"><i><img loading=\"lazy\" decoding=\"async\" class=\" wp-image-19876 alignleft\" src=\"https:\/\/www.gruppopdregionetoscana.it\/web\/wp-content\/uploads\/2021\/01\/merlotti.png\" alt=\"\" width=\"256\" height=\"256\" \/>l consigliere regionale Pd, Fausto Merlotti, presenta una mozione per potenziare i tirocini non curriculari: \u00abProposta nasce grazie al contributo dei Giovani Democratici che hanno portato avanti un lavoro di analisi e studio\u00bb<\/i><\/span><\/div>\n<div align=\"justify\"><span style=\"font-family: Calibri,sans-serif; font-size: medium;\"><span style=\"font-family: Times New Roman,serif;\">\u00a0<\/span><\/span><\/div>\n<div align=\"justify\"><span style=\"font-family: Calibri,sans-serif; font-size: medium;\"><span style=\"font-family: Times New Roman,serif;\">\u00a0<\/span><\/span><\/div>\n<div align=\"justify\"><span style=\"font-family: Calibri,sans-serif; font-size: medium;\">\u00abI tirocini non curriculari sono uno strumento fondamentale nel percorso formativo dei giovani che si affacciano al mondo del lavoro. Un settore su cui la Toscana, negli anni, ha saputo essere innovativa, funzionando come modello a livello nazionale, e che oggi chiediamo alla Giunta di potenziare. Attraverso un impegno preciso in tutte le sedi opportune affinch\u00e9 la prossima programmazione comunitaria preveda risorse sempre maggiori per la promozione di politiche efficaci di ingresso delle nuove generazioni nelle professioni e sia valutata la possibilit\u00e0 di poter aumentare il contributo erogato dalla Regione ai soggetti ospitanti: un incremento ipotizzabile in 100 euro ulteriori che porterebbe il rimborso del tirocinante da 300 a 400 euro mensili. La proposta proposta di aggiornare e consolidare lo strumento dei tirocini non curriculari nasce grazie al contributo dei Giovani Democratici che in questi mesi hanno portato avanti un lavoro di analisi e studio.<i>\u00a0<\/i>Chiediamo, inoltre, di valutare la possibilit\u00e0 di allargare la fascia di et\u00e0 interessata dall&#8217;esperienza dei tirocini, tenendo conto dell\u2019innalzamento dell\u2019et\u00e0 con la quale i giovani riescono a terminare gli studi, e di\u00a0attivarsi per snellire ulteriormente l\u2019iter per le aziende ospitanti al fine di richiedere il contributo regionale. Infine, sollecitiamo la Giunta a intensificare i meccanismi di monitoraggio sul corretto svolgimento dei tirocini non curriculari mediante la raccolta e la condivisione delle esperienze compiute al termine del progetto formativo. Un sistema che permetterebbe di creare una banca dati e dei feedback come un ulteriore elemento di chiarezza e trasparenza dell\u2019esperienza formativa\u00bb. E\u2019 quanto chiede alla Giunta regionale il consigliere regionale Pd,\u00a0<b>Fausto Merlotti<\/b>, con la mozione\u00a0<b><i>In merito al potenziamento dei\u00a0tirocini non curriculari quali esperienza formativa, orientativa o professionalizzante<\/i><\/b><b><i>\u00a0fondamentale per i giovani toscani.<\/i><\/b><\/span><\/div>\n<div align=\"justify\"><span style=\"font-family: Calibri,sans-serif; font-size: medium;\"><b><i>\u00a0<\/i><\/b><\/span><\/div>\n<div align=\"justify\"><span style=\"font-family: Calibri,sans-serif; font-size: medium;\">\u00a0<\/span><\/div>\n<div align=\"justify\"><span style=\"font-family: Calibri,sans-serif; font-size: medium;\">\u00abRicordo che il tirocinio non curriculare \u00e8 un\u2019esperienza formativa professionalizzante, realizzata presso soggetti pubblici e privati con l\u2019obiettivo di agevolare le scelte professionali \u2013 continua\u00a0<b>Merlotti<\/b>\u00a0&#8211; Una vera e propria porta d\u2019accesso al mondo delle professioni. La Regione Toscana grazie al progetto Giovanis\u00ec e alla normativa regionale in termini di formazione professionale e lavoro si \u00e8 rivelata uno degli esempi pi\u00f9 avanzati a livello nazionale in termini di politiche volte alla promozione del lavoro. Un comparto che, considerate le prospettive di sviluppo che il Paese si appresta a vivere grazie alle risorse europee del programma Next Generation EU, oggi abbiamo l\u2019opportunit\u00e0 di aggiornare e consolidare, offrendo ai giovani uno strumento ancora pi\u00f9 adeguato ed efficiente\u00bb.<\/span><\/div>\n<\/div>\n<\/div>\n<\/div>\n<\/div>\n","protected":false},"excerpt":{"rendered":"<p>l consigliere regionale Pd, Fausto Merlotti, presenta una mozione per potenziare i tirocini non curriculari: \u00abProposta nasce grazie al contributo dei Giovani Democratici che hanno portato avanti un lavoro di analisi e studio\u00bb \u00a0 \u00a0 \u00abI tirocini non curriculari sono uno strumento fondamentale nel percorso formativo dei giovani che si affacciano al mondo del lavoro. [&hellip;]<\/p>\n","protected":false},"author":41,"featured_media":20388,"comment_status":"closed","ping_status":"closed","sticky":false,"template":"","format":"standard","meta":{"_jetpack_memberships_contains_paid_content":false,"footnotes":""},"categories":[30,2236],"tags":[],"class_list":{"0":"post-20387","1":"post","2":"type-post","3":"status-publish","4":"format-standard","5":"has-post-thumbnail","7":"category-comunicati-stampa","8":"category-fausto-merlotti","9":"czr-hentry"},"jetpack_featured_media_url":"https:\/\/www.gruppopdregionetoscana.it\/web\/wp-content\/uploads\/2021\/06\/Risoluzione-Sicurezza.png","jetpack_sharing_enabled":true,"_links":{"self":[{"href":"https:\/\/www.gruppopdregionetoscana.it\/web\/wp-json\/wp\/v2\/posts\/20387","targetHints":{"allow":["GET"]}}],"collection":[{"href":"https:\/\/www.gruppopdregionetoscana.it\/web\/wp-json\/wp\/v2\/posts"}],"about":[{"href":"https:\/\/www.gruppopdregionetoscana.it\/web\/wp-json\/wp\/v2\/types\/post"}],"author":[{"embeddable":true,"href":"https:\/\/www.gruppopdregionetoscana.it\/web\/wp-json\/wp\/v2\/users\/41"}],"replies":[{"embeddable":true,"href":"https:\/\/www.gruppopdregionetoscana.it\/web\/wp-json\/wp\/v2\/comments?post=20387"}],"version-history":[{"count":0,"href":"https:\/\/www.gruppopdregionetoscana.it\/web\/wp-json\/wp\/v2\/posts\/20387\/revisions"}],"wp:featuredmedia":[{"embeddable":true,"href":"https:\/\/www.gruppopdregionetoscana.it\/web\/wp-json\/wp\/v2\/media\/20388"}],"wp:attachment":[{"href":"https:\/\/www.gruppopdregionetoscana.it\/web\/wp-json\/wp\/v2\/media?parent=20387"}],"wp:term":[{"taxonomy":"category","embeddable":true,"href":"https:\/\/www.gruppopdregionetoscana.it\/web\/wp-json\/wp\/v2\/categories?post=20387"},{"taxonomy":"post_tag","embeddable":true,"href":"https:\/\/www.gruppopdregionetoscana.it\/web\/wp-json\/wp\/v2\/tags?post=20387"}],"curies":[{"name":"wp","href":"https:\/\/api.w.org\/{rel}","templated":true}]}}