{"id":20491,"date":"2021-07-27T19:44:29","date_gmt":"2021-07-27T17:44:29","guid":{"rendered":"https:\/\/www.gruppopdregionetoscana.it\/web\/?p=20491"},"modified":"2021-07-28T11:31:01","modified_gmt":"2021-07-28T09:31:01","slug":"bilancio-pieroni-pandemia-ha-stressato-la-finanza-regionale-ma-la-toscana-chiude-il-2020-con-numeri-positivi","status":"publish","type":"post","link":"https:\/\/www.gruppopdregionetoscana.it\/web\/bilancio-pieroni-pandemia-ha-stressato-la-finanza-regionale-ma-la-toscana-chiude-il-2020-con-numeri-positivi\/","title":{"rendered":"Rendiconto 2020; Pieroni: \u00abPandemia ha stressato la finanza regionale, ma la Toscana chiude l&#8217;anno con numeri positivi\u00bb"},"content":{"rendered":"\n<p><em><img loading=\"lazy\" decoding=\"async\" class=\"wp-image-19885 alignleft\" src=\"https:\/\/www.gruppopdregionetoscana.it\/web\/wp-content\/uploads\/2021\/01\/pieroni2.png\" alt=\"\" width=\"240\" height=\"240\">Via libera in Consiglio regionale al Rendiconto generale per l\u2019anno finanziario 2020 e sull\u2019Assestamento&nbsp; del Bilancio di previsione finanziario 2021-2023<\/em><\/p>\n<p>\u00abIl rendiconto generale costituisce una miniera preziosa di dati utili a supportare un giudizio della gestione appena trascorsa, ma anche a dare spunti per migliorare l\u2019attivit\u00e0 del governo e dell\u2019amministrazione nel suo complesso. Cos\u00ec come \u00e8 prezioso il contributo che viene fornito dalla Corte dei Conti nell\u2019ambito del giudizio di parifica, in un ruolo che non \u00e8 solo di controllo ma anche di ausilio tecnico, di raccomandazioni e di rilievi critici nell\u2019ottica di un dialogo costante che deve proseguire. Il rendiconto generale per l\u2019anno finanziario 2020 rispecchia la difficile e prolungata situazione di emergenza sanitaria ed economica che ha sottoposto a rilevante stress la finanza regionale, sottraendole ingenti risorse e imponendo interventi immediati a tutela delle persone, delle imprese e della collettivit\u00e0. Un contesto difficile che la Regione Toscana ha saputo governare, come evidenziato dalla stessa Corte dei Conti. La gestione finanziaria 2020 evidenzia lo stato di salute dell\u2019ente, presentando un risultato positivo pari a 97 milioni di euro. Un dato che torna a essere positiva dopo circa dieci anni. Anche la gestione residui registra un risultato positivo pari a 264 milioni di euro. Il risultato d\u2019amministrazione complessivo che tiene conto delle somme a vario titolo accantonate per investimenti registra un disavanzo effettivo pari a 1 miliardo e 668 milioni, un trend che dal 2016 \u00e8 in netto miglioramento e da perseguire. Nel 2015 il disavanzo era pari a 3,5 miliardi! Rispetto ad un bilancio che ha messo in campo risorse per 12 miliardi di euro, giusto evidenziare scelte politiche che hanno dato luogo a una gestione attenta e oculata. Basti pensare che dal 2013 questa regione ha lasciato inalterata la pressione fiscale, senza alcun aumento di imposte e di tasse, anche a fronte di una riduzione consistente delle entrate tributarie nel 2020. A fronte di minori entrate per 210 milioni, i ristori statali si sono fermati a 160 milioni\u00bb. E\u2019 quanto dichiara Andrea Pieroni, consigliere regionale Pd e vicepresidente della commissione controllo, illustrando in Aula il <em>rendiconto generale per l\u2019anno finanziario 2020.<\/em>&nbsp;<\/p>\n<p>\u00abRicordo, inoltre, la gestione virtuosa del personale con l\u2019incorporazione del personale delle Province e l\u2019assunzione del personale per i centri per l\u2019impiego \u2013 continua Pieroni -Tra gli elementi positivi ricordo la gestione del patrimonio immobiliare, l\u2019incremento degli investimenti e la premialit\u00e0 ottenuta per il Tpl pari 43 milioni di euro. Tra le criticit\u00e0 che sia la relazione dei revisori dei conti sia quella della Corte dei Conti hanno evidenziato, ricordo la difficolt\u00e0 di realizzare una programmazione adeguata in ambito sanitario, un dato oggettivo che deriva in buona parte dal ritardo con cui lo Stato mette a disposizioni delle regioni le risorse necessarie; il tema delle partecipate, con particolare riferimento alle Terme di Montecatini e a Fidi Toscana, anch\u2019esse condizionate dalla crisi economica e dalla pandemia\u00bb.<\/p>\n<p>&nbsp;<\/p>\n\n\n","protected":false},"excerpt":{"rendered":"<p>Via libera in Consiglio regionale al Rendiconto generale per l\u2019anno finanziario 2020 e sull\u2019Assestamento&nbsp; del Bilancio di previsione finanziario 2021-2023 \u00abIl rendiconto generale costituisce una miniera preziosa di dati utili a supportare un giudizio della gestione appena trascorsa, ma anche a dare spunti per migliorare l\u2019attivit\u00e0 del governo e dell\u2019amministrazione nel suo complesso. Cos\u00ec come [&hellip;]<\/p>\n","protected":false},"author":41,"featured_media":20476,"comment_status":"closed","ping_status":"closed","sticky":false,"template":"","format":"standard","meta":{"_jetpack_memberships_contains_paid_content":false,"footnotes":""},"categories":[970,30],"tags":[],"class_list":{"0":"post-20491","1":"post","2":"type-post","3":"status-publish","4":"format-standard","5":"has-post-thumbnail","7":"category-andrea-pieroni","8":"category-comunicati-stampa","9":"czr-hentry"},"jetpack_featured_media_url":"https:\/\/www.gruppopdregionetoscana.it\/web\/wp-content\/uploads\/2021\/07\/aula2021.jpg","jetpack_sharing_enabled":true,"_links":{"self":[{"href":"https:\/\/www.gruppopdregionetoscana.it\/web\/wp-json\/wp\/v2\/posts\/20491","targetHints":{"allow":["GET"]}}],"collection":[{"href":"https:\/\/www.gruppopdregionetoscana.it\/web\/wp-json\/wp\/v2\/posts"}],"about":[{"href":"https:\/\/www.gruppopdregionetoscana.it\/web\/wp-json\/wp\/v2\/types\/post"}],"author":[{"embeddable":true,"href":"https:\/\/www.gruppopdregionetoscana.it\/web\/wp-json\/wp\/v2\/users\/41"}],"replies":[{"embeddable":true,"href":"https:\/\/www.gruppopdregionetoscana.it\/web\/wp-json\/wp\/v2\/comments?post=20491"}],"version-history":[{"count":0,"href":"https:\/\/www.gruppopdregionetoscana.it\/web\/wp-json\/wp\/v2\/posts\/20491\/revisions"}],"wp:featuredmedia":[{"embeddable":true,"href":"https:\/\/www.gruppopdregionetoscana.it\/web\/wp-json\/wp\/v2\/media\/20476"}],"wp:attachment":[{"href":"https:\/\/www.gruppopdregionetoscana.it\/web\/wp-json\/wp\/v2\/media?parent=20491"}],"wp:term":[{"taxonomy":"category","embeddable":true,"href":"https:\/\/www.gruppopdregionetoscana.it\/web\/wp-json\/wp\/v2\/categories?post=20491"},{"taxonomy":"post_tag","embeddable":true,"href":"https:\/\/www.gruppopdregionetoscana.it\/web\/wp-json\/wp\/v2\/tags?post=20491"}],"curies":[{"name":"wp","href":"https:\/\/api.w.org\/{rel}","templated":true}]}}