{"id":20728,"date":"2021-11-10T15:17:21","date_gmt":"2021-11-10T14:17:21","guid":{"rendered":"https:\/\/www.gruppopdregionetoscana.it\/web\/?p=20728"},"modified":"2021-11-10T15:17:23","modified_gmt":"2021-11-10T14:17:23","slug":"volterra-citta-toscana-della-cultura-2022-ok-del-consiglio-regionale-pieroni-unopportunita-straordinaria-per-la-citta-e-per-la-toscana-tutta","status":"publish","type":"post","link":"https:\/\/www.gruppopdregionetoscana.it\/web\/volterra-citta-toscana-della-cultura-2022-ok-del-consiglio-regionale-pieroni-unopportunita-straordinaria-per-la-citta-e-per-la-toscana-tutta\/","title":{"rendered":"Volterra \u201cCitt\u00e0 toscana della Cultura 2022\u201d, ok del Consiglio regionale; Pieroni: \u00abUn\u2019opportunit\u00e0 straordinaria per la citt\u00e0 e per la Toscana tutta\u00bb"},"content":{"rendered":"\n<p><em>L\u2019Assemblea toscana ha approvato a maggioranza la mozione che chiede alla Giunta regionale un impegno anche economico per attuare il programma di \u201cRigenerazione Umana\u201d presentato in occasione della candidatura a Capitale italiana della cultura 2021<\/em><u><\/u><u><\/u><\/p>\n<p>\u00abLa citt\u00e0 di Volterra col dossier \u201cRigenerazione Umana\u201d di grande qualit\u00e0 creativa e innovativa, che ha visto una grande partecipazione di giovani, si \u00e8 classificata tra le prime dieci candidate a Capitale italiana della cultura, un esito straordinario, per niente scontato. Per questo abbiamo apprezzato la proposta del presidente della Regione Toscana, Eugenio Giani, di istituire il titolo di Citt\u00e0 toscana della Cultura che dovr\u00e0 essere formalizzato con apposita legge. Una proposta utile per valorizzare citt\u00e0 e luoghi di media dimensione che non siano capoluoghi di provincia, ricchi per\u00f2 di elementi storici, culturali e artistici. Con la mozione approvata oggi dall\u2019Assemblea toscana chiediamo alla Giunta regionale di stanziare una prima dotazione finanziaria gi\u00e0 nella prossima variazione di bilancio, per far s\u00ec che la citt\u00e0 di Volterra sia la prima Citt\u00e0 toscana della Cultura e lo possa essere al meglio\u00bb.\u00a0 E\u2019 quanto dichiara\u00a0<b>Andrea Pieroni<\/b>, consigliere regionale Pd illustrando in Aula la mozione\u00a0<strong>In merito al sostegno a Volterra come \u201cCitt\u00e0 Toscana della Cultura 2022\u201d.<\/strong><u><\/u><u><\/u><\/p>\n<p>\u00abVolterra, che in epoca antica \u00e8 stata capitale politica ed economica, oggi potr\u00e0 fungere da laboratorio sperimentale pe chi vorr\u00e0 candidarsi a partire dal 2023. Proprio per questo, il percorso avviato dalla citt\u00e0 ha bisogno del massimo sostegno della Regione, anche sul versante economico. Il Comune ha gi\u00e0 pronto un progetto ambizioso e organico, articolato in una serie di azioni. Ne cito una per tutte: la grande mostra dedicata ai 500 anni della \u201cDeposizione\u201d del Rosso Fiorentino, datata 1521. Le idee e le competenze ci sono, servono le risorse per mettere in moto la macchina. Il Comune far\u00e0 la propria parte ma con le risorse a disposizione non potr\u00e0 fare tutto\u00bb.<\/p>\n","protected":false},"excerpt":{"rendered":"<p>L\u2019Assemblea toscana ha approvato a maggioranza la mozione che chiede alla Giunta regionale un impegno anche economico per attuare il programma di \u201cRigenerazione Umana\u201d presentato in occasione della candidatura a Capitale italiana della cultura 2021 \u00abLa citt\u00e0 di Volterra col dossier \u201cRigenerazione Umana\u201d di grande qualit\u00e0 creativa e innovativa, che ha visto una grande partecipazione [&hellip;]<\/p>\n","protected":false},"author":41,"featured_media":20729,"comment_status":"closed","ping_status":"closed","sticky":false,"template":"","format":"standard","meta":{"_jetpack_memberships_contains_paid_content":false,"footnotes":""},"categories":[970,30],"tags":[],"class_list":{"0":"post-20728","1":"post","2":"type-post","3":"status-publish","4":"format-standard","5":"has-post-thumbnail","7":"category-andrea-pieroni","8":"category-comunicati-stampa","9":"czr-hentry"},"jetpack_featured_media_url":"https:\/\/www.gruppopdregionetoscana.it\/web\/wp-content\/uploads\/2021\/11\/aree-interne-8.png","jetpack_sharing_enabled":true,"_links":{"self":[{"href":"https:\/\/www.gruppopdregionetoscana.it\/web\/wp-json\/wp\/v2\/posts\/20728","targetHints":{"allow":["GET"]}}],"collection":[{"href":"https:\/\/www.gruppopdregionetoscana.it\/web\/wp-json\/wp\/v2\/posts"}],"about":[{"href":"https:\/\/www.gruppopdregionetoscana.it\/web\/wp-json\/wp\/v2\/types\/post"}],"author":[{"embeddable":true,"href":"https:\/\/www.gruppopdregionetoscana.it\/web\/wp-json\/wp\/v2\/users\/41"}],"replies":[{"embeddable":true,"href":"https:\/\/www.gruppopdregionetoscana.it\/web\/wp-json\/wp\/v2\/comments?post=20728"}],"version-history":[{"count":0,"href":"https:\/\/www.gruppopdregionetoscana.it\/web\/wp-json\/wp\/v2\/posts\/20728\/revisions"}],"wp:featuredmedia":[{"embeddable":true,"href":"https:\/\/www.gruppopdregionetoscana.it\/web\/wp-json\/wp\/v2\/media\/20729"}],"wp:attachment":[{"href":"https:\/\/www.gruppopdregionetoscana.it\/web\/wp-json\/wp\/v2\/media?parent=20728"}],"wp:term":[{"taxonomy":"category","embeddable":true,"href":"https:\/\/www.gruppopdregionetoscana.it\/web\/wp-json\/wp\/v2\/categories?post=20728"},{"taxonomy":"post_tag","embeddable":true,"href":"https:\/\/www.gruppopdregionetoscana.it\/web\/wp-json\/wp\/v2\/tags?post=20728"}],"curies":[{"name":"wp","href":"https:\/\/api.w.org\/{rel}","templated":true}]}}